{"id":7466,"date":"2021-07-20T07:09:10","date_gmt":"2021-07-20T10:09:10","guid":{"rendered":"http:\/\/panoramadelsur.com.ar\/?p=7466"},"modified":"2021-07-20T07:09:12","modified_gmt":"2021-07-20T10:09:12","slug":"bianco-reitero-que-viajeros-deben-cumplir-el-aislamiento-o-seran-denunciados-y-multados","status":"publish","type":"post","link":"https:\/\/panoramadelsur.com.ar\/?p=7466","title":{"rendered":"Bianco reiter\u00f3 que viajeros deben cumplir el aislamiento o ser\u00e1n denunciados y multados"},"content":{"rendered":"\n<p class=\"wp-block-paragraph\">El jefe de Gabinete bonaerense, Carlos Bianco, reiter\u00f3 que los bonaerenses que regresen desde el exterior deben cumplir con el aislamiento mixto para evitar la circulaci\u00f3n de nuevas cepas de coronavirus, ya que de lo contrario ser\u00e1n denunciados penalmente y se le aplicar\u00e1n multas de m\u00e1s de 4 millones de pesos.<\/p>\n\n\n\n<p class=\"wp-block-paragraph\">\u00abAquellos que viajaron al exterior despu\u00e9s del 1 de julio, a su regreso se tiene que aislar los primeros cuatro d\u00edas en alguno de los 104 hoteles en la provincia y despu\u00e9s completar el aislamiento en sus domicilios\u00bb, detall\u00f3 el funcionario en una conferencia de prensa desarrollada en la Gobernaci\u00f3n bonaerense, en La Plata.<\/p>\n\n\n\n<p class=\"wp-block-paragraph\">Bianco se\u00f1al\u00f3 que desde el 1 de julio pasado salieron del pa\u00eds \u00ab7.767 bonaerenses y han regresado 191\u00bb y precis\u00f3 que de esos ciudadanos que retornaron \u00abla gran mayor\u00eda 143, un 75 por ciento, est\u00e1n cumpliendo la normativa y est\u00e1n aislados\u00bb.<\/p>\n\n\n\n<p class=\"wp-block-paragraph\">Asimismo, destac\u00f3 que \u00aba 28 personas que llegaron entre el domingo y ayer lunes las estamos contactando, para ver si cumplen el aislamiento\u00bb.<\/p>\n\n\n\n<p class=\"wp-block-paragraph\">\u00abHacemos mucho hincapi\u00e9 en eso para evitar el estrago que sucede en el mundo por la predominancia de la variante Delta para demorar la llegada y circulaci\u00f3n de esta variante que es mucho m\u00e1s contagiosa\u00bb, expres\u00f3.<\/p>\n\n\n\n<p class=\"wp-block-paragraph\">En ese contexto, Bianco inform\u00f3 que aquel o aquella bonaerense que se certific\u00f3 que no cumpl\u00edan con el aislamiento \u00abse les labr\u00f3 un acta, se les hizo la denuncia penal correspondiente y se aplica una multa de 4,3 millones de pesos\u00bb.<\/p>\n\n\n\n<p class=\"wp-block-paragraph\">El jefe de Gabinete grafic\u00f3 esta medida procediendo a la firma de la denuncia penal contra un viajero de San Isidro que \u00abse constat\u00f3 no cumpl\u00eda aislamiento ni en un hotel ni en su domicilio\u00bb.<\/p>\n\n\n\n<p class=\"wp-block-paragraph\">\u00abEs doblemente irresponsable, y en este acto firmo la denuncia penal que se har\u00e1 efectiva este martes, denuncia penal y multa\u00bb, remarc\u00f3.<\/p>\n\n\n\n<p class=\"wp-block-paragraph\">Bianco advirti\u00f3 adem\u00e1s que \u00aben la provincia no hay lugar para la anarqu\u00eda, la normativa se cumple, dentro de la ley todo, fuera de la ley nada, como dice el Gobernador (Axel Kicillof)\u00bb.<\/p>\n\n\n\n<p class=\"wp-block-paragraph\">Con respecto al sistema de fases en los 95 distritos del interior bonaerense, detall\u00f3 que \u00abhay 9 que se encontraban en fase 1 y han pasado a fase 2: Chacabuco, Jun\u00edn Leandro N. Alem, Lincoln, Lober\u00eda Monte hermoso, Pehuaj\u00f3, Pellegrini y Suipacha\u00bb, donde, dijo, \u00abse manten\u00edan dictado de clases remoto y tras las vacaciones volver\u00e1n a la presencialidad\u00bb.<\/p>\n\n\n\n<p class=\"wp-block-paragraph\">Tambi\u00e9n inform\u00f3 que \u00ab6 distritos estaban en fase 3 y pasan a 4, y son General Alvear, Las Flores, Punta Indio, Puan, San Antonio de Areco Tres Arroyos\u00bb.<\/p>\n","protected":false},"excerpt":{"rendered":"<p>El jefe<\/p>\n","protected":false},"author":1,"featured_media":39574,"comment_status":"open","ping_status":"open","sticky":false,"template":"","format":"standard","meta":{"footnotes":""},"categories":[5],"tags":[],"class_list":["post-7466","post","type-post","status-publish","format-standard","has-post-thumbnail","hentry","category-provincia"],"_links":{"self":[{"href":"https:\/\/panoramadelsur.com.ar\/index.php?rest_route=\/wp\/v2\/posts\/7466","targetHints":{"allow":["GET"]}}],"collection":[{"href":"https:\/\/panoramadelsur.com.ar\/index.php?rest_route=\/wp\/v2\/posts"}],"about":[{"href":"https:\/\/panoramadelsur.com.ar\/index.php?rest_route=\/wp\/v2\/types\/post"}],"author":[{"embeddable":true,"href":"https:\/\/panoramadelsur.com.ar\/index.php?rest_route=\/wp\/v2\/users\/1"}],"replies":[{"embeddable":true,"href":"https:\/\/panoramadelsur.com.ar\/index.php?rest_route=%2Fwp%2Fv2%2Fcomments&post=7466"}],"version-history":[{"count":1,"href":"https:\/\/panoramadelsur.com.ar\/index.php?rest_route=\/wp\/v2\/posts\/7466\/revisions"}],"predecessor-version":[{"id":7467,"href":"https:\/\/panoramadelsur.com.ar\/index.php?rest_route=\/wp\/v2\/posts\/7466\/revisions\/7467"}],"wp:featuredmedia":[{"embeddable":true,"href":"https:\/\/panoramadelsur.com.ar\/index.php?rest_route=\/wp\/v2\/media\/39574"}],"wp:attachment":[{"href":"https:\/\/panoramadelsur.com.ar\/index.php?rest_route=%2Fwp%2Fv2%2Fmedia&parent=7466"}],"wp:term":[{"taxonomy":"category","embeddable":true,"href":"https:\/\/panoramadelsur.com.ar\/index.php?rest_route=%2Fwp%2Fv2%2Fcategories&post=7466"},{"taxonomy":"post_tag","embeddable":true,"href":"https:\/\/panoramadelsur.com.ar\/index.php?rest_route=%2Fwp%2Fv2%2Ftags&post=7466"}],"curies":[{"name":"wp","href":"https:\/\/api.w.org\/{rel}","templated":true}]}}