{"id":7471,"date":"2021-07-20T07:19:45","date_gmt":"2021-07-20T10:19:45","guid":{"rendered":"http:\/\/panoramadelsur.com.ar\/?p=7471"},"modified":"2021-07-20T07:19:46","modified_gmt":"2021-07-20T10:19:46","slug":"agente-de-la-patrulla-urbana-quilmes-detuvo-a-un-delincuente","status":"publish","type":"post","link":"https:\/\/panoramadelsur.com.ar\/?p=7471","title":{"rendered":"Agente de la Patrulla Urbana Quilmes detuvo a un delincuente"},"content":{"rendered":"\n<p class=\"wp-block-paragraph\">El Municipio de Quilmes informa que el domingo por la noche, un agente perteneciente a la Patrulla Urbana Quilmes (PUQ) intercept\u00f3 y aprehendi\u00f3 a un sujeto que hab\u00eda cometido un robo en la v\u00eda p\u00fablica.<\/p>\n\n\n\n<p class=\"wp-block-paragraph\">El hecho sucedi\u00f3 en San Francisco Solano, mientras el m\u00f3vil de la PUQ, dependiente de la Secretar\u00eda de Seguridad y Ordenamiento Urbano de Quilmes, a cargo de Gaspar De St\u00e9fano, se encontraba en su recorrido habitual y fue alertado por una mujer que le inform\u00f3 que minutos antes hab\u00eda sido v\u00edctima de un il\u00edcito.<\/p>\n\n\n\n<p class=\"wp-block-paragraph\">De inmediato, el personal de seguridad dio aviso a las autoridades policiales y se volc\u00f3 a la b\u00fasqueda del delincuente.<\/p>\n\n\n\n<p class=\"wp-block-paragraph\">Asimismo, el agente de la PUQ, con los datos otorgados por la v\u00edctima, reconoci\u00f3 al sospechoso a unas cuadras del lugar y se baj\u00f3 del m\u00f3vil d\u00e1ndole la voz de alto, por lo que logr\u00f3 reducir al malviviente con las pertenencias de la damnificada.<\/p>\n\n\n\n<p class=\"wp-block-paragraph\">Adem\u00e1s, al lugar asisti\u00f3 la Polic\u00eda Local y traslad\u00f3 al delincuente a la comisar\u00eda Quilmes 4\u00aa, a la que tambi\u00e9n se acerco la mujer para realizar la denuncia correspondiente.<\/p>\n","protected":false},"excerpt":{"rendered":"<p>El Municipio<\/p>\n","protected":false},"author":1,"featured_media":39574,"comment_status":"open","ping_status":"open","sticky":false,"template":"","format":"standard","meta":{"footnotes":""},"categories":[1,2],"tags":[],"class_list":["post-7471","post","type-post","status-publish","format-standard","has-post-thumbnail","hentry","category-destacados","category-quilmes"],"_links":{"self":[{"href":"https:\/\/panoramadelsur.com.ar\/index.php?rest_route=\/wp\/v2\/posts\/7471","targetHints":{"allow":["GET"]}}],"collection":[{"href":"https:\/\/panoramadelsur.com.ar\/index.php?rest_route=\/wp\/v2\/posts"}],"about":[{"href":"https:\/\/panoramadelsur.com.ar\/index.php?rest_route=\/wp\/v2\/types\/post"}],"author":[{"embeddable":true,"href":"https:\/\/panoramadelsur.com.ar\/index.php?rest_route=\/wp\/v2\/users\/1"}],"replies":[{"embeddable":true,"href":"https:\/\/panoramadelsur.com.ar\/index.php?rest_route=%2Fwp%2Fv2%2Fcomments&post=7471"}],"version-history":[{"count":1,"href":"https:\/\/panoramadelsur.com.ar\/index.php?rest_route=\/wp\/v2\/posts\/7471\/revisions"}],"predecessor-version":[{"id":7473,"href":"https:\/\/panoramadelsur.com.ar\/index.php?rest_route=\/wp\/v2\/posts\/7471\/revisions\/7473"}],"wp:featuredmedia":[{"embeddable":true,"href":"https:\/\/panoramadelsur.com.ar\/index.php?rest_route=\/wp\/v2\/media\/39574"}],"wp:attachment":[{"href":"https:\/\/panoramadelsur.com.ar\/index.php?rest_route=%2Fwp%2Fv2%2Fmedia&parent=7471"}],"wp:term":[{"taxonomy":"category","embeddable":true,"href":"https:\/\/panoramadelsur.com.ar\/index.php?rest_route=%2Fwp%2Fv2%2Fcategories&post=7471"},{"taxonomy":"post_tag","embeddable":true,"href":"https:\/\/panoramadelsur.com.ar\/index.php?rest_route=%2Fwp%2Fv2%2Ftags&post=7471"}],"curies":[{"name":"wp","href":"https:\/\/api.w.org\/{rel}","templated":true}]}}