{"id":7477,"date":"2021-07-20T07:46:36","date_gmt":"2021-07-20T10:46:36","guid":{"rendered":"http:\/\/panoramadelsur.com.ar\/?p=7477"},"modified":"2021-07-20T07:46:38","modified_gmt":"2021-07-20T10:46:38","slug":"vecinos-de-berazategui-disfrutan-del-natatorio-en-los-privilegiados","status":"publish","type":"post","link":"https:\/\/panoramadelsur.com.ar\/?p=7477","title":{"rendered":"Vecinos de Berazategui disfrutan del natatorio en Los Privilegiados"},"content":{"rendered":"\n<p class=\"wp-block-paragraph\"><strong>La Municipalidad de Berazategui, a trav\u00e9s de la Secretar\u00eda de Desarrollo Social y Comunitario, ofrece clases gratuitas de nataci\u00f3n en Los Privilegiados, a las que asisten personas de distintas edades cumpliendo un estricto protocolo preventivo de COVID-19. Asimismo, contin\u00faan las actividades recreativas y deportivas en el mismo Complejo Municipal.<br><\/strong><br>El coordinador del natatorio, Juan Manuel Varela, subray\u00f3: \u201cActualmente, en la pileta estamos abocados a ni\u00f1os y adolescentes, de 6 a 17 a\u00f1os; y a adultos menores de entre 18 y 59 a\u00f1os. Se encuentran exceptuados los mayores de 60. Las clases son de 45 minutos, as\u00ed se respetan los protocolos sanitarios\u201d.<\/p>\n\n\n\n<p class=\"wp-block-paragraph\">De la misma forma, ampli\u00f3: \u201cHoy solo tenemos 10 personas por turno debido al protocolo que tambi\u00e9n nos exige cuidados como uso de sanitizantes, barbijos y ventilaci\u00f3n continua\u201d, y destac\u00f3: \u201cLos vecinos est\u00e1n muy participativos, se agotaron los cupos de inmediato. Hab\u00eda mucha expectativa en volver, tanto de ellos como de nosotros, as\u00ed que estamos contentos\u201d.<\/p>\n\n\n\n<p class=\"wp-block-paragraph\">M\u00e1s actividades f\u00edsicas, recreativas y al aire libre en Los Privilegiados<\/p>\n\n\n\n<p class=\"wp-block-paragraph\">Adem\u00e1s del natatorio, la Secretar\u00eda de Desarrollo Social y Comunitario ofrece m\u00e1s propuestas de recreaci\u00f3n y de actividades deportivas en un ambiente natural, seguro y gratuito, como el Complejo Los Privilegiados.<\/p>\n\n\n\n<p class=\"wp-block-paragraph\">El coordinador de las actividades para personas con discapacidades, Marcelo Rela\u00f1ez, afirm\u00f3: \u201cM\u00e1s all\u00e1 de las jornadas de nataci\u00f3n, tambi\u00e9n organizamos otras actividades f\u00edsicas al aire libre para chicos con discapacidad intelectual, retraso madurativo o trastorno del espectro autista. Todos ellos pueden venir acompa\u00f1ados por alg\u00fan integrante de la familia y disfrutar de diversos juegos en este predio, que es realmente hermoso, muy amplio y con mucha naturaleza\u201d.<\/p>\n\n\n\n<p class=\"wp-block-paragraph\"><strong>Disciplinas<br><\/strong><br>&#8211; Caminata: lunes y mi\u00e9rcoles de 8.30 a 9.30 y de 13.30 a 14.30; viernes de 8.30 a 9.30 y de 14.30 a 15.30.<\/p>\n\n\n\n<p class=\"wp-block-paragraph\">&#8211; Funcional: lunes de 9.30 a 10.30 y de 14.30 a 15.30; martes de 8.00 a 9.00, 9.00 a 10.00 y 14.30 a 15.30; mi\u00e9rcoles de 9.30 a 10.30 y 14.30 a 15.30; jueves de 8.00 a 9.00, 9.00 a 10.00 y 14.30 a 15.30; y viernes de 9.30 a 10.30.<\/p>\n\n\n\n<p class=\"wp-block-paragraph\">&#8211; Stretching: martes y viernes de 15.30 a 16.30.<\/p>\n\n\n\n<p class=\"wp-block-paragraph\">&#8211; Ritmos: lunes y viernes de 14.30 a 15.30.<\/p>\n\n\n\n<p class=\"wp-block-paragraph\">&#8211; Sendero aer\u00f3bico: lunes de 9.30 a 10.30 y 15.30 a 16.30; jueves de 8.30 a 9.30; y viernes de 15.30 a 16.30.<\/p>\n\n\n\n<p class=\"wp-block-paragraph\">&#8211; Ciclismo para adultos: martes y viernes de 8.30 a 10.30 y domingos de 9.00 a 13.00.<\/p>\n\n\n\n<p class=\"wp-block-paragraph\">&#8211; Desenchufate (gimnasia sin impacto): lunes, mi\u00e9rcoles y viernes de 10.30 a 11.30; y jueves de 15.30 a 16.30.<\/p>\n\n\n\n<p class=\"wp-block-paragraph\">&#8211; Newcom: s\u00e1bados de 10.00 a 11.00.<\/p>\n\n\n\n<p class=\"wp-block-paragraph\">&#8211; Multi entrenamiento: s\u00e1bados de 9.00 a 11.00.<\/p>\n\n\n\n<p class=\"wp-block-paragraph\">&#8211; Naturaleza juega (juegos para ni\u00f1os y adolescentes en contacto con la naturaleza): jueves de 14.30 a 15.30.<\/p>\n\n\n\n<p class=\"wp-block-paragraph\">&#8211; Familia aventura (propuesta de juegos para realizar en familia): s\u00e1bados de 10.00 a 12.00 y 14.00 a 16.00.<\/p>\n\n\n\n<p class=\"wp-block-paragraph\">&#8211; Bici aventura: martes, mi\u00e9rcoles y viernes de 10.30 a 11.30; lunes y jueves de 15.30 a 16.30; y mi\u00e9rcoles y viernes de 14.30 a 15.30.<\/p>\n\n\n\n<p class=\"wp-block-paragraph\">&#8211; Recreaci\u00f3n y actividad f\u00edsica en familia para personas con discapacidad intelectual: s\u00e1bados de 9.00 a 10.00, 10.15 a 11.15, 11.30 a 12.30 y 12.45 a 13.45.<\/p>\n\n\n\n<p class=\"wp-block-paragraph\">&#8211; Encuentro de juego y taller para personas con TEA: viernes de 14.00 a 14.45 y 15.00 a 15.45.<\/p>\n\n\n\n<p class=\"wp-block-paragraph\">Quienes quieran obtener m\u00e1s informaci\u00f3n o inscribirse, pueden ingresar en&nbsp;<a href=\"http:\/\/berazategui.gob.ar\/losprivilegiados\" target=\"_blank\" rel=\"noreferrer noopener\">berazategui.gob.ar\/losprivilegiados<\/a>&nbsp;o comunicarse al 4215-3029 o al 4356-9200 (interno 8150) de 8.00 a 16.00, de lunes a viernes.<\/p>\n","protected":false},"excerpt":{"rendered":"<p>La Municipalidad<\/p>\n","protected":false},"author":1,"featured_media":39574,"comment_status":"open","ping_status":"open","sticky":false,"template":"","format":"standard","meta":{"footnotes":""},"categories":[3],"tags":[],"class_list":["post-7477","post","type-post","status-publish","format-standard","has-post-thumbnail","hentry","category-regionales"],"_links":{"self":[{"href":"https:\/\/panoramadelsur.com.ar\/index.php?rest_route=\/wp\/v2\/posts\/7477","targetHints":{"allow":["GET"]}}],"collection":[{"href":"https:\/\/panoramadelsur.com.ar\/index.php?rest_route=\/wp\/v2\/posts"}],"about":[{"href":"https:\/\/panoramadelsur.com.ar\/index.php?rest_route=\/wp\/v2\/types\/post"}],"author":[{"embeddable":true,"href":"https:\/\/panoramadelsur.com.ar\/index.php?rest_route=\/wp\/v2\/users\/1"}],"replies":[{"embeddable":true,"href":"https:\/\/panoramadelsur.com.ar\/index.php?rest_route=%2Fwp%2Fv2%2Fcomments&post=7477"}],"version-history":[{"count":1,"href":"https:\/\/panoramadelsur.com.ar\/index.php?rest_route=\/wp\/v2\/posts\/7477\/revisions"}],"predecessor-version":[{"id":7479,"href":"https:\/\/panoramadelsur.com.ar\/index.php?rest_route=\/wp\/v2\/posts\/7477\/revisions\/7479"}],"wp:featuredmedia":[{"embeddable":true,"href":"https:\/\/panoramadelsur.com.ar\/index.php?rest_route=\/wp\/v2\/media\/39574"}],"wp:attachment":[{"href":"https:\/\/panoramadelsur.com.ar\/index.php?rest_route=%2Fwp%2Fv2%2Fmedia&parent=7477"}],"wp:term":[{"taxonomy":"category","embeddable":true,"href":"https:\/\/panoramadelsur.com.ar\/index.php?rest_route=%2Fwp%2Fv2%2Fcategories&post=7477"},{"taxonomy":"post_tag","embeddable":true,"href":"https:\/\/panoramadelsur.com.ar\/index.php?rest_route=%2Fwp%2Fv2%2Ftags&post=7477"}],"curies":[{"name":"wp","href":"https:\/\/api.w.org\/{rel}","templated":true}]}}