{"id":7480,"date":"2021-07-20T07:51:02","date_gmt":"2021-07-20T10:51:02","guid":{"rendered":"http:\/\/panoramadelsur.com.ar\/?p=7480"},"modified":"2021-07-20T07:51:04","modified_gmt":"2021-07-20T10:51:04","slug":"varela-el-compromiso-comunitario-con-el-medioambiente","status":"publish","type":"post","link":"https:\/\/panoramadelsur.com.ar\/?p=7480","title":{"rendered":"Varela: El compromiso comunitario con el medioambiente"},"content":{"rendered":"\n<p class=\"wp-block-paragraph\">En una nueva jornada para ratificar su campa\u00f1a de forestaci\u00f3n, la m\u00e1xima autoridad local -Andr\u00e9s Watson- convers\u00f3 con varelenses sobre las m\u00faltiples funciones de los \u00e1rboles: cortinas rompe-vientos, embellecimiento, administraci\u00f3n de la luz solar y fortalecimiento del ecosistema.&nbsp;<\/p>\n\n\n\n<p class=\"wp-block-paragraph\">\u201cAvanzamos en un proyecto integral que inici\u00f3 con la concientizaci\u00f3n de la poblaci\u00f3n sobre el cuidado del medioambiente y logr\u00f3 ramificar sus prop\u00f3sitos a industrias con responsabilidad social, creaci\u00f3n de huertas m\u00e1s plantaci\u00f3n de diversas especies arb\u00f3reas adecuada a la temporada ideal\u201d, explic\u00f3 el Mandatario.<\/p>\n\n\n\n<p class=\"wp-block-paragraph\">El Intendente tambi\u00e9n detall\u00f3 el aspecto sanitario de una iniciativa que promovi\u00f3 \u201cel aire puro: el progreso junto al resguardo sanitario de la comunidad, la flora y fauna\u201d. Watson conoci\u00f3 la potencial utilizaci\u00f3n de casuarinas, \u00e1lamos piramidales, fresnos, sauces, sen del campo, entre otras clases de vegetaci\u00f3n.<\/p>\n\n\n\n<p class=\"wp-block-paragraph\">Mercedes Taboada, productora hort\u00edcola agroecol\u00f3gica, cont\u00f3: \u201cRecib\u00ed \u00e1rboles para diagramar una barrera forestal que aten\u00fae los fen\u00f3menos clim\u00e1ticos, como los vientos fuertes o la iluminaci\u00f3n del sol en el per\u00edodo estival\u201d.<\/p>\n\n\n\n<p class=\"wp-block-paragraph\">Posteriormente, la integrante de la Cooperativa \u201cUni\u00f3n y Fuerza Campesina\u201d calific\u00f3 al v\u00ednculo con el gobierno municipal como \u201cmuy abierto\u201d. \u201cTenemos un trato directo y fluido; importante la presencia del Estado en diversos lugares\u201d, concluy\u00f3.<\/p>\n\n\n\n<p class=\"wp-block-paragraph\">Su colega, Julia R\u00edos, narr\u00f3 las dificultades \u201cde las condiciones meteorol\u00f3gicas que destruyen nuestra producci\u00f3n\u201d. Con los insumos recibidos \u201cestipulamos mayor protecci\u00f3n\u201d. Para cerrar, apreci\u00f3 los lazos con el titular en el Ejecutivo como \u201cindispensable para trabajar\u201d.<\/p>\n\n\n\n<p class=\"wp-block-paragraph\">Estuvo presente el secretario de Industria y Desarrollo Productivo, Ricardo de la Fuente.<\/p>\n","protected":false},"excerpt":{"rendered":"<p>En una<\/p>\n","protected":false},"author":1,"featured_media":39574,"comment_status":"open","ping_status":"open","sticky":false,"template":"","format":"standard","meta":{"footnotes":""},"categories":[3],"tags":[],"class_list":["post-7480","post","type-post","status-publish","format-standard","has-post-thumbnail","hentry","category-regionales"],"_links":{"self":[{"href":"https:\/\/panoramadelsur.com.ar\/index.php?rest_route=\/wp\/v2\/posts\/7480","targetHints":{"allow":["GET"]}}],"collection":[{"href":"https:\/\/panoramadelsur.com.ar\/index.php?rest_route=\/wp\/v2\/posts"}],"about":[{"href":"https:\/\/panoramadelsur.com.ar\/index.php?rest_route=\/wp\/v2\/types\/post"}],"author":[{"embeddable":true,"href":"https:\/\/panoramadelsur.com.ar\/index.php?rest_route=\/wp\/v2\/users\/1"}],"replies":[{"embeddable":true,"href":"https:\/\/panoramadelsur.com.ar\/index.php?rest_route=%2Fwp%2Fv2%2Fcomments&post=7480"}],"version-history":[{"count":1,"href":"https:\/\/panoramadelsur.com.ar\/index.php?rest_route=\/wp\/v2\/posts\/7480\/revisions"}],"predecessor-version":[{"id":7482,"href":"https:\/\/panoramadelsur.com.ar\/index.php?rest_route=\/wp\/v2\/posts\/7480\/revisions\/7482"}],"wp:featuredmedia":[{"embeddable":true,"href":"https:\/\/panoramadelsur.com.ar\/index.php?rest_route=\/wp\/v2\/media\/39574"}],"wp:attachment":[{"href":"https:\/\/panoramadelsur.com.ar\/index.php?rest_route=%2Fwp%2Fv2%2Fmedia&parent=7480"}],"wp:term":[{"taxonomy":"category","embeddable":true,"href":"https:\/\/panoramadelsur.com.ar\/index.php?rest_route=%2Fwp%2Fv2%2Fcategories&post=7480"},{"taxonomy":"post_tag","embeddable":true,"href":"https:\/\/panoramadelsur.com.ar\/index.php?rest_route=%2Fwp%2Fv2%2Ftags&post=7480"}],"curies":[{"name":"wp","href":"https:\/\/api.w.org\/{rel}","templated":true}]}}