{"id":7483,"date":"2021-07-20T01:02:00","date_gmt":"2021-07-20T04:02:00","guid":{"rendered":"http:\/\/panoramadelsur.com.ar\/?p=7483"},"modified":"2021-07-20T07:56:26","modified_gmt":"2021-07-20T10:56:26","slug":"buscan-a-un-joven-que-fue-visto-por-ultima-vez-en-la-localidad-bonaerense-de-berazategui","status":"publish","type":"post","link":"https:\/\/panoramadelsur.com.ar\/?p=7483","title":{"rendered":"Buscan a un joven que fue visto por \u00faltima vez en la localidad bonaerense de Berazategui"},"content":{"rendered":"\n<p class=\"wp-block-paragraph\">La justicia bonaerense realiza diligencias de averiguaci\u00f3n de paradero para encontrar a Emiliano Mart\u00edn Etchegoyen, de 40 a\u00f1os, quien se ausent\u00f3 el 12 de julio del domicilio de un hermano en la localidad bonaerense de Berazategui, se inform\u00f3 ayer.<\/p>\n\n\n\n<p class=\"wp-block-paragraph\">Seg\u00fan fuentes policiales, la madre del joven, Ana Mar\u00eda Cordero, radic\u00f3 una denuncia en la que interviene la UFIJ 04 a cargo de la doctora Silvia Borrone, quien orden\u00f3 que sea aceptada para ser girada a la autoridad judicial interviniente en Capital Federal, donde hubo una denuncia previa.<\/p>\n\n\n\n<p class=\"wp-block-paragraph\">Seg\u00fan la denuncia de Cordero, su hijo se ausent\u00f3 el 12 de julio del domicilio de su hermano, en Berazategui, y desde ese momento se desconoce su paradero.<\/p>\n\n\n\n<p class=\"wp-block-paragraph\">La denunciante agreg\u00f3 que se comunic\u00f3 con los compa\u00f1eros de trabajo de su hijo, que se desempe\u00f1a en la Biblioteca Nacional hace cinco a\u00f1os, quienes le informaron que nunca lleg\u00f3 a ese destino.<\/p>\n\n\n\n<p class=\"wp-block-paragraph\">Agreg\u00f3 que el d\u00eda 13 radic\u00f3 otra denuncia en la Comisar\u00eda Vecinal 10 de la Ciudad de Buenos Aires, donde interviene la Fiscal\u00eda Nacional en lo Criminal y Correccional 34.<\/p>\n\n\n\n<p class=\"wp-block-paragraph\">Seg\u00fan la progenitora denunciante, su hijo se encontraba depresivo y el 1 de julio se fue a vivir a la casa de su hermano Eduardo a ra\u00edz de discusiones con su esposa Bel\u00e9n Molina, con quien tiene una hija de un a\u00f1o y cinco meses.<\/p>\n\n\n\n<p class=\"wp-block-paragraph\">El domingo 11 de julio, hacia las 18, fue la \u00faltima vez que Cordero vio a su hijo en la casa de Eduardo, donde aqu\u00e9l le coment\u00f3 que al d\u00eda siguiente ir\u00eda a su trabajo en la Biblioteca Nacional, donde ver\u00eda a un abogado para asesorarse con el tema de las visitas a su hija.<\/p>\n\n\n\n<p class=\"wp-block-paragraph\">Seg\u00fan las fuentes judiciales, la fiscal de Berazategui pidi\u00f3 las c\u00e1maras de seguridad de la zona y se contact\u00f3 con la fiscal\u00eda de capital para establecer si la causa pasa a su fuero o se sigue tramitando en la Ciudad de Buenos Aires.<\/p>\n\n\n\n<p class=\"wp-block-paragraph\">Por otra parte, la fiscal\u00eda va a pedir que se revise la tarjeta SUBE de Etchegoyen, cuyo hermano manifest\u00f3 que se ausent\u00f3 de su casa en un taxi, agregaron las fuentes.<\/p>\n","protected":false},"excerpt":{"rendered":"<p>La justicia<\/p>\n","protected":false},"author":1,"featured_media":39574,"comment_status":"open","ping_status":"open","sticky":false,"template":"","format":"standard","meta":{"footnotes":""},"categories":[10,3],"tags":[],"class_list":["post-7483","post","type-post","status-publish","format-standard","has-post-thumbnail","hentry","category-mas-noticias","category-regionales"],"_links":{"self":[{"href":"https:\/\/panoramadelsur.com.ar\/index.php?rest_route=\/wp\/v2\/posts\/7483","targetHints":{"allow":["GET"]}}],"collection":[{"href":"https:\/\/panoramadelsur.com.ar\/index.php?rest_route=\/wp\/v2\/posts"}],"about":[{"href":"https:\/\/panoramadelsur.com.ar\/index.php?rest_route=\/wp\/v2\/types\/post"}],"author":[{"embeddable":true,"href":"https:\/\/panoramadelsur.com.ar\/index.php?rest_route=\/wp\/v2\/users\/1"}],"replies":[{"embeddable":true,"href":"https:\/\/panoramadelsur.com.ar\/index.php?rest_route=%2Fwp%2Fv2%2Fcomments&post=7483"}],"version-history":[{"count":1,"href":"https:\/\/panoramadelsur.com.ar\/index.php?rest_route=\/wp\/v2\/posts\/7483\/revisions"}],"predecessor-version":[{"id":7485,"href":"https:\/\/panoramadelsur.com.ar\/index.php?rest_route=\/wp\/v2\/posts\/7483\/revisions\/7485"}],"wp:featuredmedia":[{"embeddable":true,"href":"https:\/\/panoramadelsur.com.ar\/index.php?rest_route=\/wp\/v2\/media\/39574"}],"wp:attachment":[{"href":"https:\/\/panoramadelsur.com.ar\/index.php?rest_route=%2Fwp%2Fv2%2Fmedia&parent=7483"}],"wp:term":[{"taxonomy":"category","embeddable":true,"href":"https:\/\/panoramadelsur.com.ar\/index.php?rest_route=%2Fwp%2Fv2%2Fcategories&post=7483"},{"taxonomy":"post_tag","embeddable":true,"href":"https:\/\/panoramadelsur.com.ar\/index.php?rest_route=%2Fwp%2Fv2%2Ftags&post=7483"}],"curies":[{"name":"wp","href":"https:\/\/api.w.org\/{rel}","templated":true}]}}