{"id":7486,"date":"2021-07-20T08:06:25","date_gmt":"2021-07-20T11:06:25","guid":{"rendered":"http:\/\/panoramadelsur.com.ar\/?p=7486"},"modified":"2021-07-20T08:06:27","modified_gmt":"2021-07-20T11:06:27","slug":"destinan-2-000-millones-para-el-financiamiento-de-proyectos-de-capacitacion-para-pymes","status":"publish","type":"post","link":"https:\/\/panoramadelsur.com.ar\/?p=7486","title":{"rendered":"Destinan $2.000 millones para el financiamiento de proyectos de capacitaci\u00f3n para pymes"},"content":{"rendered":"\n<p class=\"wp-block-paragraph\">El Ministerio de Desarrollo Productivo anunci\u00f3 la puesta en marcha de un nuevo programa, por un monto total de $ 2.000 millones, destinado al financiamiento de proyectos de capacitaci\u00f3n estrat\u00e9gicos que tengan impacto sectorial o regional para Micro, Peque\u00f1as y Medianas Empresas (Mipymes) e instituciones de apoyo, y que generen nuevos puestos de trabajo, potencien las exportaciones y el desarrollo econ\u00f3mico y social.<\/p>\n\n\n\n<p class=\"wp-block-paragraph\">La convocatoria de la Agencia Nacional de Capacitaci\u00f3n PyME, que estar\u00e1 vigente hasta el 31 de diciembre pr\u00f3ximo o hasta agotar el cupo, tendr\u00e1 dos modalidades de asistencia en aportes no reembolsables (ANR).<\/p>\n\n\n\n<p class=\"wp-block-paragraph\">La primera de ellas comprende la entrega de ANR por un monto de hasta $ 7 millones para financiar hasta el 90% de proyectos estrat\u00e9gicos de capacitaci\u00f3n a Mipymes, emprendedores y emprendedoras.<\/p>\n\n\n\n<p class=\"wp-block-paragraph\">La segunda modalidad, por su parte, financiar\u00e1 el 100% de proyectos por hasta $ 14 millones presentados por consorcios de capacitaci\u00f3n de instituciones intermedias constituidos para impulsar el desarrollo regional.<\/p>\n\n\n\n<p class=\"wp-block-paragraph\">El secretario de la Peque\u00f1a y Mediana Empresa y los Emprendedores, Guillermo Merediz, afirm\u00f3 que \u201cdesde el Gobierno nacional seguimos acompa\u00f1ando a todo el entramado productivo con financiamiento accesible, herramientas de asistencia t\u00e9cnica y capacitaci\u00f3n para impulsar el trabajo argentino\u00bb.<\/p>\n\n\n\n<p class=\"wp-block-paragraph\">\u00abEl trabajo con las instituciones de apoyo a las micro, peque\u00f1as y medianas empresas y a los emprendimientos productivos es fundamental para fortalecer sus competencias e impulsar la productividad de proyectos y sectores estrat\u00e9gicos en cada regi\u00f3n del pa\u00eds\u201d, agreg\u00f3 el funcionario en un comunicado de prensa.<\/p>\n\n\n\n<p class=\"wp-block-paragraph\">Esta l\u00ednea de financiamiento en ANR para capacitaciones tiene como objetivo aumentar la innovaci\u00f3n, productividad y competitividad de sectores productivos y cadenas de valor que tengan impacto territorial o regional.<\/p>\n\n\n\n<p class=\"wp-block-paragraph\">Tambi\u00e9n busca generar capacidades en Mipymes y emprendimientos argentinos vinculados a ejes estrat\u00e9gicos de la reactivaci\u00f3n productiva, tales como la transformaci\u00f3n digital, la asociatividad, la eco innovaci\u00f3n y la gesti\u00f3n ambiental, la calidad, el desarrollo de competencias exportadoras, el dise\u00f1o y la innovaci\u00f3n, las metodolog\u00edas de incremento de productividad mediante tecnolog\u00edas de gesti\u00f3n y el gerenciamiento con enfoque de g\u00e9nero.<\/p>\n\n\n\n<p class=\"wp-block-paragraph\">Las y los interesados en solicitar la l\u00ednea de ANR para financiar proyectos de capacitaci\u00f3n estrat\u00e9gicos, pueden acceder a m\u00e1s informaci\u00f3n en el siguiente link: https:\/\/www.argentina.gob.ar\/servicio\/obtener-financiamiento-para-proyectos-de-capacitacion-estrategicos.<\/p>\n","protected":false},"excerpt":{"rendered":"<p>El Ministerio<\/p>\n","protected":false},"author":1,"featured_media":39574,"comment_status":"open","ping_status":"open","sticky":false,"template":"","format":"standard","meta":{"footnotes":""},"categories":[4],"tags":[],"class_list":["post-7486","post","type-post","status-publish","format-standard","has-post-thumbnail","hentry","category-nacionales"],"_links":{"self":[{"href":"https:\/\/panoramadelsur.com.ar\/index.php?rest_route=\/wp\/v2\/posts\/7486","targetHints":{"allow":["GET"]}}],"collection":[{"href":"https:\/\/panoramadelsur.com.ar\/index.php?rest_route=\/wp\/v2\/posts"}],"about":[{"href":"https:\/\/panoramadelsur.com.ar\/index.php?rest_route=\/wp\/v2\/types\/post"}],"author":[{"embeddable":true,"href":"https:\/\/panoramadelsur.com.ar\/index.php?rest_route=\/wp\/v2\/users\/1"}],"replies":[{"embeddable":true,"href":"https:\/\/panoramadelsur.com.ar\/index.php?rest_route=%2Fwp%2Fv2%2Fcomments&post=7486"}],"version-history":[{"count":1,"href":"https:\/\/panoramadelsur.com.ar\/index.php?rest_route=\/wp\/v2\/posts\/7486\/revisions"}],"predecessor-version":[{"id":7488,"href":"https:\/\/panoramadelsur.com.ar\/index.php?rest_route=\/wp\/v2\/posts\/7486\/revisions\/7488"}],"wp:featuredmedia":[{"embeddable":true,"href":"https:\/\/panoramadelsur.com.ar\/index.php?rest_route=\/wp\/v2\/media\/39574"}],"wp:attachment":[{"href":"https:\/\/panoramadelsur.com.ar\/index.php?rest_route=%2Fwp%2Fv2%2Fmedia&parent=7486"}],"wp:term":[{"taxonomy":"category","embeddable":true,"href":"https:\/\/panoramadelsur.com.ar\/index.php?rest_route=%2Fwp%2Fv2%2Fcategories&post=7486"},{"taxonomy":"post_tag","embeddable":true,"href":"https:\/\/panoramadelsur.com.ar\/index.php?rest_route=%2Fwp%2Fv2%2Ftags&post=7486"}],"curies":[{"name":"wp","href":"https:\/\/api.w.org\/{rel}","templated":true}]}}