{"id":7508,"date":"2021-07-21T01:05:00","date_gmt":"2021-07-21T04:05:00","guid":{"rendered":"http:\/\/panoramadelsur.com.ar\/?p=7508"},"modified":"2021-07-20T13:27:16","modified_gmt":"2021-07-20T16:27:16","slug":"trotta-para-promover-este-ciclo-lectivo-los-chicos-tienen-que-aprobar-el-70-de-los-contenidos","status":"publish","type":"post","link":"https:\/\/panoramadelsur.com.ar\/?p=7508","title":{"rendered":"Trotta: \u201cPara promover este ciclo lectivo los chicos tienen que aprobar el 70% de los contenidos\u00bb"},"content":{"rendered":"\n<p class=\"wp-block-paragraph\">El ministro de Educaci\u00f3n, Nicol\u00e1s Trotta, afirm\u00f3 que durante la reuni\u00f3n del Consejo Federal de Educaci\u00f3n, que comenz\u00f3 a las 11, se analizar\u00e1n \u00ablas instancias de evaluaci\u00f3n, de acreditaci\u00f3n y de promoci\u00f3n del ciclo lectivo\u00bb, pero reiter\u00f3 que las alumnas y alumnos \u00abtienen que aprobar el 70 por ciento de los contenidos priorizados\u00bb este a\u00f1o.<\/p>\n\n\n\n<p class=\"wp-block-paragraph\">\u201cQueremos acordar todo lo que van a ser las instancias de evaluaci\u00f3n, de acreditaci\u00f3n y de promoci\u00f3n de este ciclo lectivo, pero dejando en claro que para poder promover este ciclo lectivo los chicos tienen que aprobar el 70% de los contenidos priorizados\u201d, dijo Trotta en di\u00e1logo con Radio Nacional.<\/p>\n\n\n\n<p class=\"wp-block-paragraph\">Asimismo, se\u00f1al\u00f3 que \u00abes fundamental que aquellos estudiantes que han tenido trayectorias sostenidas puedan seguir teniendo ese camino y puedan promocionar\u201d.<\/p>\n\n\n\n<p class=\"wp-block-paragraph\">A su vez, se\u00f1al\u00f3 que para \u00ablos estudiantes que han tenido trayectorias intermitentes y aquellos que est\u00e1n en una situaci\u00f3n de mayor complejidad porque han tenido trayectorias de baja intensidad, se van a generar instancias adicionales que permitan fortalecer y robustecer esa trayectoria educativa\u201d.<\/p>\n\n\n\n<p class=\"wp-block-paragraph\">Entre las propuestas para garantizar la continuidad pedag\u00f3gica, destac\u00f3 la importancia de \u201cintensificar\u201d la presencia en el aula, \u201cno solo de cara a los pr\u00f3ximos meses, sino tambi\u00e9n en diciembre, en enero, febrero e inclusive en marzo de ser necesario, para lograr que los estudiantes promuevan este ciclo lectivo detr\u00e1s del concepto de unidad pedag\u00f3gica 2020-2021\u201d.<\/p>\n\n\n\n<p class=\"wp-block-paragraph\">En este sentido, Trotta precis\u00f3 que durante el 2020 \u00abse acreditaron los aprendizajes que los chicos realmente transitaron\u201d, pero quedaron otros pendientes, por lo que se \u201cse prioriz\u00f3 la propuesta pedag\u00f3gica\u201d.<\/p>\n\n\n\n<p class=\"wp-block-paragraph\">\u201cEsto implic\u00f3 que contenidos del 2020 se rearticularon en 2021, sumado eso a los propios contenidos de este ciclo lectivo, por eso hablamos de contenidos priorizados\u201d, a\u00f1adi\u00f3.<\/p>\n\n\n\n<p class=\"wp-block-paragraph\">Trotta sostuvo que \u00abintensificar no implica ver lo mismo m\u00e1s r\u00e1pido, intensificar implica priorizar, seleccionar ciertos contenidos para garantizar los saberes necesarios para ir cerrando cada uno de los grados y cada uno de los ciclos dentro de cada nivel\u201d.<\/p>\n\n\n\n<p class=\"wp-block-paragraph\">El ministro tambi\u00e9n advirti\u00f3 que el aumento de la presencialidad debe ser de acuerdo a \u201clas recomendaciones de los especialistas\u201d y afirm\u00f3 que se establecen protocolos y condiciones para \u201cno poner en riesgo a nuestros estudiantes y a nuestra comunidad educativa\u201d, en el marco de la pandemia de coronavirus.<\/p>\n\n\n\n<p class=\"wp-block-paragraph\">\u201cLos procesos de aprendizaje siempre son heterog\u00e9neos, ahora lo han sido mucho m\u00e1s en el marco de la pandemia porque la no presencialidad es condicionada adicionalmente por la realidad social en la que est\u00e1 cada uno de los chicos\u201d, concluy\u00f3.<\/p>\n","protected":false},"excerpt":{"rendered":"<p>El ministro<\/p>\n","protected":false},"author":1,"featured_media":39574,"comment_status":"open","ping_status":"open","sticky":false,"template":"","format":"standard","meta":{"footnotes":""},"categories":[4],"tags":[],"class_list":["post-7508","post","type-post","status-publish","format-standard","has-post-thumbnail","hentry","category-nacionales"],"_links":{"self":[{"href":"https:\/\/panoramadelsur.com.ar\/index.php?rest_route=\/wp\/v2\/posts\/7508","targetHints":{"allow":["GET"]}}],"collection":[{"href":"https:\/\/panoramadelsur.com.ar\/index.php?rest_route=\/wp\/v2\/posts"}],"about":[{"href":"https:\/\/panoramadelsur.com.ar\/index.php?rest_route=\/wp\/v2\/types\/post"}],"author":[{"embeddable":true,"href":"https:\/\/panoramadelsur.com.ar\/index.php?rest_route=\/wp\/v2\/users\/1"}],"replies":[{"embeddable":true,"href":"https:\/\/panoramadelsur.com.ar\/index.php?rest_route=%2Fwp%2Fv2%2Fcomments&post=7508"}],"version-history":[{"count":1,"href":"https:\/\/panoramadelsur.com.ar\/index.php?rest_route=\/wp\/v2\/posts\/7508\/revisions"}],"predecessor-version":[{"id":7509,"href":"https:\/\/panoramadelsur.com.ar\/index.php?rest_route=\/wp\/v2\/posts\/7508\/revisions\/7509"}],"wp:featuredmedia":[{"embeddable":true,"href":"https:\/\/panoramadelsur.com.ar\/index.php?rest_route=\/wp\/v2\/media\/39574"}],"wp:attachment":[{"href":"https:\/\/panoramadelsur.com.ar\/index.php?rest_route=%2Fwp%2Fv2%2Fmedia&parent=7508"}],"wp:term":[{"taxonomy":"category","embeddable":true,"href":"https:\/\/panoramadelsur.com.ar\/index.php?rest_route=%2Fwp%2Fv2%2Fcategories&post=7508"},{"taxonomy":"post_tag","embeddable":true,"href":"https:\/\/panoramadelsur.com.ar\/index.php?rest_route=%2Fwp%2Fv2%2Ftags&post=7508"}],"curies":[{"name":"wp","href":"https:\/\/api.w.org\/{rel}","templated":true}]}}