{"id":7510,"date":"2021-07-21T01:05:00","date_gmt":"2021-07-21T04:05:00","guid":{"rendered":"http:\/\/panoramadelsur.com.ar\/?p=7510"},"modified":"2021-07-20T13:33:50","modified_gmt":"2021-07-20T16:33:50","slug":"gollan-logramos-vencer-esa-politica-de-miedo-hacia-la-vacuna-que-impusieron-algunos-sectores","status":"publish","type":"post","link":"https:\/\/panoramadelsur.com.ar\/?p=7510","title":{"rendered":"Gollan: \u00abLogramos vencer esa pol\u00edtica de miedo hacia la vacuna que impusieron algunos sectores\u00bb"},"content":{"rendered":"\n<p class=\"wp-block-paragraph\">El ministro de Salud bonaerense, Daniel Gollan, destac\u00f3 la reducci\u00f3n de contagios de coronavirus que se registra en la provincia de Buenos Aires desde hace ocho semanas, hecho que atribuy\u00f3 al avance de la campa\u00f1a de vacunaci\u00f3n, y puso de relieve que en la Argentina se logr\u00f3 \u00abvencer esa pol\u00edtica de miedo hacia la vacuna que impusieron algunos sectores\u00bb.<\/p>\n\n\n\n<p class=\"wp-block-paragraph\">En declaraciones a C5N y a radio El Destape, el funcionario se refiri\u00f3 al descenso de casos de Covid-19 que se registra desde hace ocho semanas consecutivas en el distrito y recalc\u00f3 que en distintos hospitales p\u00fablicos y cl\u00ednicas privadas \u00abno est\u00e1n teniendo internados nuevos por casos de coronavirus desde hace 4 o 5 d\u00edas\u00bb.<\/p>\n\n\n\n<p class=\"wp-block-paragraph\">\u00abLa movilizaci\u00f3n de gente que hay en las calles es enorme y, a\u00fan as\u00ed, seguimos bajando los casos por la vacunaci\u00f3n, por el efecto inmunidad de los 3 millones de personas que se enfermaron en el pa\u00eds y por las medidas de cuidado\u00bb, resalt\u00f3.<\/p>\n\n\n\n<p class=\"wp-block-paragraph\">El ministro expuso que al comparar el momento actual \u00abcon la primera ola y con el rebrote del verano\u00bb, se advierte que en el presente \u00abhay poquito m\u00e1s de camas de terapia intensiva ocupadas, pero con un franco descenso\u00bb.<\/p>\n\n\n\n<p class=\"wp-block-paragraph\">En ese contexto, Gollan detall\u00f3 que \u00abhace dos o tres semanas, hab\u00eda en el \u00c1rea Metropolitana de Buenos Aires (AMBA) un total de 1.640 personas en terapia intensiva y ahora son 830\u00bb y dijo que en el interior \u00abocurre lo mismo\u00bb.<\/p>\n\n\n\n<p class=\"wp-block-paragraph\">\u00abDe 570 pasamos a 350, est\u00e1 aflojando mucho\u00bb, asever\u00f3 y se mostr\u00f3 confiado en que la mortalidad \u00abtambi\u00e9n ir\u00e1 decreciendo\u00bb.<\/p>\n\n\n\n<p class=\"wp-block-paragraph\">Al referirse a la vacunaci\u00f3n libre -sin necesidad de contar con turno previo- con primeras dosis para mayores de 30 a\u00f1os, que comenz\u00f3 ayer en la provincia de Buenos Aires, el titular de la cartera sanitaria se\u00f1al\u00f3 que tiene que ver \u00abcon rascar muy en el fondo de la olla porque es muy poca la gente que falta vacunarse\u00bb.<\/p>\n\n\n\n<p class=\"wp-block-paragraph\">\u00abYa estamos llegando a 8.700.000 de dosis aplicadas sobre 10 millones de anotados. Tambi\u00e9n estamos aplicando muchas segundas dosis esta semana. Se va acelerando todo\u00bb, expuso.<\/p>\n\n\n\n<p class=\"wp-block-paragraph\">\u00abEstamos en un 80% de toda la poblaci\u00f3n mayor de 80 a\u00f1os ya registrada y registr\u00e1ndose 50 mil personas por d\u00eda. Adem\u00e1s, hacemos operativos casa por casa para anotar y vacunar\u00bb, complet\u00f3.<\/p>\n\n\n\n<p class=\"wp-block-paragraph\">En ese sentido, aclar\u00f3 que la ampliaci\u00f3n de los aforos para inoculados en locales gastron\u00f3micos y de compras que comenzar\u00e1 a regir la semana que viene no tiene que ver con un \u00abpase sanitario\u00bb, sino que se trata de \u00abuna especie de bonus track\u00bb.<\/p>\n\n\n\n<p class=\"wp-block-paragraph\">\u00abSobre la cantidad de gente que cada fase permite en cuanto a aforo, nosotros agregamos 20% m\u00e1s a condici\u00f3n de que est\u00e9n vacunados. Es un est\u00edmulo para que la gente se siga vacunando\u00bb, remarc\u00f3.<\/p>\n\n\n\n<p class=\"wp-block-paragraph\">Gollan subray\u00f3 que en el pa\u00eds se logr\u00f3 \u00abvencer esa pol\u00edtica de miedo hacia la vacuna que impusieron algunos sectores\u00bb, apunt\u00f3 que \u00abel 90% de toda la poblaci\u00f3n vacunable estar\u00e1 anotada y vacunada en los pr\u00f3ximos dos meses\u00bb e indic\u00f3 que luego quedar\u00e1 inocular a los menores de 18 a\u00f1os.<\/p>\n\n\n\n<p class=\"wp-block-paragraph\">Sostuvo que el hecho de que la vacuna contra la Covid-19 no sea obligatoria, debido a que s\u00f3lo se cuenta con autorizaciones de emergencia, \u00abno es un problema en la Argentina, donde hay fuerte cultura de vacunaci\u00f3n y muy buenos niveles de aceptaci\u00f3n de la vacunaci\u00f3n\u00bb.<\/p>\n\n\n\n<p class=\"wp-block-paragraph\">\u00abAl final del d\u00eda, vamos a estar con un 90% de la gente queri\u00e9ndose vacunar, lo cual es much\u00edsimo comparado con otros pa\u00edses que tienen serios problemas para que la gente se registre\u00bb, evalu\u00f3 el sanitarista.<\/p>\n\n\n\n<p class=\"wp-block-paragraph\">Al respecto, grafic\u00f3 que el lunes a las 16:30 se anunci\u00f3 la apertura de la inscripci\u00f3n en el Plan Vacunate para adolescentes de entre 13 y 17 a\u00f1os con comorbilidades \u00aby a la noche ya ten\u00edamos 136 mil anotados\u00bb.<\/p>\n\n\n\n<p class=\"wp-block-paragraph\">\u00abEstamos adelant\u00e1ndonos para ganar tiempo y cuando nos digan que se habilit\u00f3 la vacunaci\u00f3n para menores de 18, ya tener todo preparado\u00bb, se\u00f1al\u00f3 el ministro.<\/p>\n\n\n\n<p class=\"wp-block-paragraph\">Finalmente, Gollan se refiri\u00f3 a cu\u00e1ndo se completar\u00e1n los esquemas de vacunaci\u00f3n y a pesar de que recalc\u00f3 que \u00abtener la primera dosis de la Sputnik implica contar con un muy buen nivel de protecci\u00f3n\u00bb, dijo que \u00abse est\u00e1 acelerando la aplicaci\u00f3n del segundo componente\u00bb.<\/p>\n\n\n\n<p class=\"wp-block-paragraph\">\u00abHoy -por ayer- vamos a mandar 146 mil turnos de segunda dosis de Sputnik V y estamos a la espera del mill\u00f3n de segundas dosis producidas en Argentina para acelerar las aplicaciones\u00bb, dijo.<\/p>\n\n\n\n<p class=\"wp-block-paragraph\">As\u00ed, plante\u00f3 que adem\u00e1s \u00abse est\u00e1n completando las segundas dosis de Astrazenecea antes de los tres meses, como se recomend\u00f3\u00bb y expuso que \u00abcomo con la vacuna Sinopharm no hay problemas de abastecimiento, todo el mundo que la tiene, a los 21 d\u00edas tiene su segunda dosis\u00bb.<\/p>\n","protected":false},"excerpt":{"rendered":"<p>El ministro<\/p>\n","protected":false},"author":1,"featured_media":39574,"comment_status":"open","ping_status":"open","sticky":false,"template":"","format":"standard","meta":{"footnotes":""},"categories":[5],"tags":[],"class_list":["post-7510","post","type-post","status-publish","format-standard","has-post-thumbnail","hentry","category-provincia"],"_links":{"self":[{"href":"https:\/\/panoramadelsur.com.ar\/index.php?rest_route=\/wp\/v2\/posts\/7510","targetHints":{"allow":["GET"]}}],"collection":[{"href":"https:\/\/panoramadelsur.com.ar\/index.php?rest_route=\/wp\/v2\/posts"}],"about":[{"href":"https:\/\/panoramadelsur.com.ar\/index.php?rest_route=\/wp\/v2\/types\/post"}],"author":[{"embeddable":true,"href":"https:\/\/panoramadelsur.com.ar\/index.php?rest_route=\/wp\/v2\/users\/1"}],"replies":[{"embeddable":true,"href":"https:\/\/panoramadelsur.com.ar\/index.php?rest_route=%2Fwp%2Fv2%2Fcomments&post=7510"}],"version-history":[{"count":1,"href":"https:\/\/panoramadelsur.com.ar\/index.php?rest_route=\/wp\/v2\/posts\/7510\/revisions"}],"predecessor-version":[{"id":7511,"href":"https:\/\/panoramadelsur.com.ar\/index.php?rest_route=\/wp\/v2\/posts\/7510\/revisions\/7511"}],"wp:featuredmedia":[{"embeddable":true,"href":"https:\/\/panoramadelsur.com.ar\/index.php?rest_route=\/wp\/v2\/media\/39574"}],"wp:attachment":[{"href":"https:\/\/panoramadelsur.com.ar\/index.php?rest_route=%2Fwp%2Fv2%2Fmedia&parent=7510"}],"wp:term":[{"taxonomy":"category","embeddable":true,"href":"https:\/\/panoramadelsur.com.ar\/index.php?rest_route=%2Fwp%2Fv2%2Fcategories&post=7510"},{"taxonomy":"post_tag","embeddable":true,"href":"https:\/\/panoramadelsur.com.ar\/index.php?rest_route=%2Fwp%2Fv2%2Ftags&post=7510"}],"curies":[{"name":"wp","href":"https:\/\/api.w.org\/{rel}","templated":true}]}}