{"id":7512,"date":"2021-07-21T01:01:00","date_gmt":"2021-07-21T04:01:00","guid":{"rendered":"http:\/\/panoramadelsur.com.ar\/?p=7512"},"modified":"2021-07-20T13:41:13","modified_gmt":"2021-07-20T16:41:13","slug":"teresa-garcia-descarto-la-implementacion-de-un-sistema-de-pasaporte-sanitario-en-buenos-aires","status":"publish","type":"post","link":"https:\/\/panoramadelsur.com.ar\/?p=7512","title":{"rendered":"Teresa Garc\u00eda descart\u00f3 la implementaci\u00f3n de un sistema de \u00abpasaporte sanitario\u00bb en Buenos Aires"},"content":{"rendered":"\n<p class=\"wp-block-paragraph\">La ministra de Gobierno de la provincia de Buenos Aires, Mar\u00eda Teresa Garc\u00eda, descart\u00f3 posibilidad de implementar un sistema de \u00abpasaporte sanitario\u00bb en territorio bonaerense, y consider\u00f3 que la \u00fanica campa\u00f1a antivacuna que hubo en medio de la pandemia fue la que lanzaron los sectores de la oposici\u00f3n.<\/p>\n\n\n\n<p class=\"wp-block-paragraph\">\u201cNo veo posible en la provincia de Buenos Aires la instalaci\u00f3n de un pasaporte sanitario para ingresar a bares y teatros por dos razones. Primero porque el Gobernador (Axel Kicillof) ha liderado una campa\u00f1a muy intensa de vacunaci\u00f3n y esto hace que la poblaci\u00f3n de la provincia sea muy sensible al deseo de inocularse\u00bb, se\u00f1al\u00f3 Garc\u00eda en declaraciones a radio La Red.<\/p>\n\n\n\n<p class=\"wp-block-paragraph\">Y en ese sentido, agreg\u00f3: \u00abLa \u00fanica campa\u00f1a anti vacuna que hubo fue la que hicieron algunos sectores de la oposici\u00f3n\u00bb.<\/p>\n\n\n\n<p class=\"wp-block-paragraph\">El lunes, el jefe de Gabinete bonaerense, Carlos Bianco, hab\u00eda adelantado que se estaba \u00abestudiando\u00bb la posibilidad de restringir la entrada a bares y restaurantes a personas que no est\u00e9n vacunadas, aunque la medida \u00abapunta a un problema\u00bb que hoy la Provincia no tiene ya que \u00abpor suerte la gente se quiere\u00bb inocular.<\/p>\n\n\n\n<p class=\"wp-block-paragraph\">En la misma l\u00ednea Garc\u00eda celebr\u00f3 que \u00abla poblaci\u00f3n bonaerense es pro vacuna\u00bb y destac\u00f3 que \u00abhay m\u00e1s de 12 millones de personas registradas\u00bb para recibir inmunizantes y \u00abm\u00e1s de 10 millones\u00bb de dosis disponibles.<\/p>\n\n\n\n<p class=\"wp-block-paragraph\">Tambi\u00e9n record\u00f3 que desde ayer en la provincia de Buenos Aires hay vacunaci\u00f3n libre contra el coronavirus para mayores de 30 a\u00f1os y que est\u00e1 abierta la inscripci\u00f3n para la inmunizaci\u00f3n de adolescentes de entre 13 y 17 a\u00f1os.<\/p>\n\n\n\n<p class=\"wp-block-paragraph\">Por otra parte, la Ministra se refiri\u00f3 al plan Qunita, al afirmar que \u00abla irresponsabilidad y la maldad que se puso en la denuncia, provoc\u00f3 que miles de chicos que nacieron despu\u00e9s de ese momento no tuvieran las condiciones m\u00ednimas para pasar sus primeros d\u00edas\u00bb.<\/p>\n\n\n\n<p class=\"wp-block-paragraph\">\u00abQui\u00e9n va a pagar por la vida de esos beb\u00e9s. Ojal\u00e1 el plan Qunita se pueda \u00abreimplementar r\u00e1pidamente, por lo menos en la provincia de Buenos Aires, subray\u00f3.<\/p>\n","protected":false},"excerpt":{"rendered":"<p>La ministra<\/p>\n","protected":false},"author":1,"featured_media":39574,"comment_status":"open","ping_status":"open","sticky":false,"template":"","format":"standard","meta":{"footnotes":""},"categories":[10,5],"tags":[],"class_list":["post-7512","post","type-post","status-publish","format-standard","has-post-thumbnail","hentry","category-mas-noticias","category-provincia"],"_links":{"self":[{"href":"https:\/\/panoramadelsur.com.ar\/index.php?rest_route=\/wp\/v2\/posts\/7512","targetHints":{"allow":["GET"]}}],"collection":[{"href":"https:\/\/panoramadelsur.com.ar\/index.php?rest_route=\/wp\/v2\/posts"}],"about":[{"href":"https:\/\/panoramadelsur.com.ar\/index.php?rest_route=\/wp\/v2\/types\/post"}],"author":[{"embeddable":true,"href":"https:\/\/panoramadelsur.com.ar\/index.php?rest_route=\/wp\/v2\/users\/1"}],"replies":[{"embeddable":true,"href":"https:\/\/panoramadelsur.com.ar\/index.php?rest_route=%2Fwp%2Fv2%2Fcomments&post=7512"}],"version-history":[{"count":1,"href":"https:\/\/panoramadelsur.com.ar\/index.php?rest_route=\/wp\/v2\/posts\/7512\/revisions"}],"predecessor-version":[{"id":7513,"href":"https:\/\/panoramadelsur.com.ar\/index.php?rest_route=\/wp\/v2\/posts\/7512\/revisions\/7513"}],"wp:featuredmedia":[{"embeddable":true,"href":"https:\/\/panoramadelsur.com.ar\/index.php?rest_route=\/wp\/v2\/media\/39574"}],"wp:attachment":[{"href":"https:\/\/panoramadelsur.com.ar\/index.php?rest_route=%2Fwp%2Fv2%2Fmedia&parent=7512"}],"wp:term":[{"taxonomy":"category","embeddable":true,"href":"https:\/\/panoramadelsur.com.ar\/index.php?rest_route=%2Fwp%2Fv2%2Fcategories&post=7512"},{"taxonomy":"post_tag","embeddable":true,"href":"https:\/\/panoramadelsur.com.ar\/index.php?rest_route=%2Fwp%2Fv2%2Ftags&post=7512"}],"curies":[{"name":"wp","href":"https:\/\/api.w.org\/{rel}","templated":true}]}}