{"id":7528,"date":"2021-07-21T01:02:00","date_gmt":"2021-07-21T04:02:00","guid":{"rendered":"http:\/\/panoramadelsur.com.ar\/?p=7528"},"modified":"2021-07-20T20:17:14","modified_gmt":"2021-07-20T23:17:14","slug":"este-lunes-comenzara-la-inscripcion-para-el-programa-creadores-de-mercado","status":"publish","type":"post","link":"https:\/\/panoramadelsur.com.ar\/?p=7528","title":{"rendered":"Este lunes comenzar\u00e1 la inscripci\u00f3n para el Programa Creadores de Mercado"},"content":{"rendered":"\n<p class=\"wp-block-paragraph\">La Secretar\u00eda de Finanzas anunci\u00f3 que este lunes comenzar\u00e1 la inscripci\u00f3n para el relanzamiento del Programa de Creadores de Mercado, cuyos aspirantes ser\u00e1n confirmados tras una evaluaci\u00f3n de 90 d\u00edas, con el objetivo de mejorar los vol\u00famenes negociados de instrumentos en pesos y normalizar el mercado de deuda.<\/p>\n\n\n\n<p class=\"wp-block-paragraph\">\u00abEl objetivo es promover el desarrollo del mercado de capitales en general, profundizando el mercado en moneda local, al estilo de lo que hacen otros pa\u00edses de la regi\u00f3n como Colombia, Chile y M\u00e9xico, que promueven la participaci\u00f3n en los mercados primario y secundario\u00bb, dijo el secretario de Finanzas, Mariano Sardi, en conferencia de prensa.<\/p>\n\n\n\n<p class=\"wp-block-paragraph\">Sardi comparti\u00f3 el encuentro virtual con la prensa junto con el subsecretario de Financiamiento, Ramiro Tosi, quien explic\u00f3 los detalles t\u00e9cnicos de esta nueva modalidad propuesta para el desarrollo de mercado de capitales.<\/p>\n\n\n\n<p class=\"wp-block-paragraph\">De hecho, adelant\u00f3 que a partir de este lunes, \u00abuna vez que terminemos con todas las reuniones con los eventuales inversores, comenzar\u00e1 el per\u00edodo de inscripci\u00f3n que llevar\u00e1 unas dos semanas, para luego iniciar el per\u00edodo de evaluaci\u00f3n que llevar\u00e1 unos 90 d\u00edas\u00bb.<\/p>\n\n\n\n<p class=\"wp-block-paragraph\">De todas formas, Tosi dej\u00f3 en claro que si alg\u00fan otro aspirante deseara ingresar m\u00e1s adelante \u00a8podr\u00e1 hacerlo en igualdad de condiciones con el resto, por tratarse de un programa din\u00e1mico que se ajustar\u00e1 en funci\u00f3n de las condiciones de mercado, siempre y cuando los par\u00e1metros se encuentren ajustados a las necesidades\u00bb.<\/p>\n\n\n\n<p class=\"wp-block-paragraph\">El Programa apunta a \u00abgenerar liquidez y facilitar las operaciones de compra y venta de T\u00edtulos del Tesoro\u00bb, a la vez que \u00abfomenta un mayor desarrollo del mercado secundario en t\u00e9rminos de deuda p\u00fablica en moneda local\u00bb, seg\u00fan se inform\u00f3.<\/p>\n\n\n\n<p class=\"wp-block-paragraph\">Ambos funcionarios explicaron que los requisitos para acceder al programa implican \u00abser Agentes de Liquidaci\u00f3n y Compensaci\u00f3n (ALyC) integrales y propios, registrados ante la Comisi\u00f3n Nacional de Valores (CNV)\u00bb.<\/p>\n\n\n\n<p class=\"wp-block-paragraph\">Tambi\u00e9n deben estar registrados en el Central de Registro y Liquidaci\u00f3n de Instrumentos de deuda p\u00fablica, regulaci\u00f3n monetaria y fideicomisos financieros, a la vez que deben tener cuenta corriente en moneda nacional.<\/p>\n\n\n\n<p class=\"wp-block-paragraph\">Por otro lado, deben contar con equipos de venta especializados en t\u00edtulos p\u00fablicos radicados en el pa\u00eds, y poseer calidad de recursos t\u00e9cnicos apropiados para procesar con precisi\u00f3n las transacciones, tanto las que hagan por cuenta propia como de terceros.<\/p>\n\n\n\n<p class=\"wp-block-paragraph\">Tosi tambi\u00e9n explic\u00f3 algunos derechos que otorga el programa, entre los cuales mencion\u00f3 la \u00abparticipaci\u00f3n en la segunda vuelta del llamado a licitaci\u00f3n\u00bb, como tambi\u00e9n acceder a un programa de pr\u00e9stamos.<\/p>\n\n\n\n<p class=\"wp-block-paragraph\">En cuanto a las obligaciones, los responsables de la Secretar\u00eda de Hacienda indic\u00f3 que el mercado primario \u00abpodr\u00e1 participar en las licitaciones de Instrumentos de Deuda P\u00fablica (IDP) en un promedio trimestral del 1,5% del monto licitado en cada trimestre en condiciones de mercado\u00bb.<\/p>\n\n\n\n<p class=\"wp-block-paragraph\">En cambio, el mercado secundario deber\u00e1 mantener posturas tomadoras y colocadoras por al menos el 60% de la rueda y de los instrumentos elegibles, y operar al menos el 1,5% del volumen negociado diariamente.<\/p>\n","protected":false},"excerpt":{"rendered":"<p>La Secretar\u00eda<\/p>\n","protected":false},"author":1,"featured_media":39574,"comment_status":"open","ping_status":"open","sticky":false,"template":"","format":"standard","meta":{"footnotes":""},"categories":[4,8],"tags":[],"class_list":["post-7528","post","type-post","status-publish","format-standard","has-post-thumbnail","hentry","category-nacionales","category-para-agendar"],"_links":{"self":[{"href":"https:\/\/panoramadelsur.com.ar\/index.php?rest_route=\/wp\/v2\/posts\/7528","targetHints":{"allow":["GET"]}}],"collection":[{"href":"https:\/\/panoramadelsur.com.ar\/index.php?rest_route=\/wp\/v2\/posts"}],"about":[{"href":"https:\/\/panoramadelsur.com.ar\/index.php?rest_route=\/wp\/v2\/types\/post"}],"author":[{"embeddable":true,"href":"https:\/\/panoramadelsur.com.ar\/index.php?rest_route=\/wp\/v2\/users\/1"}],"replies":[{"embeddable":true,"href":"https:\/\/panoramadelsur.com.ar\/index.php?rest_route=%2Fwp%2Fv2%2Fcomments&post=7528"}],"version-history":[{"count":1,"href":"https:\/\/panoramadelsur.com.ar\/index.php?rest_route=\/wp\/v2\/posts\/7528\/revisions"}],"predecessor-version":[{"id":7530,"href":"https:\/\/panoramadelsur.com.ar\/index.php?rest_route=\/wp\/v2\/posts\/7528\/revisions\/7530"}],"wp:featuredmedia":[{"embeddable":true,"href":"https:\/\/panoramadelsur.com.ar\/index.php?rest_route=\/wp\/v2\/media\/39574"}],"wp:attachment":[{"href":"https:\/\/panoramadelsur.com.ar\/index.php?rest_route=%2Fwp%2Fv2%2Fmedia&parent=7528"}],"wp:term":[{"taxonomy":"category","embeddable":true,"href":"https:\/\/panoramadelsur.com.ar\/index.php?rest_route=%2Fwp%2Fv2%2Fcategories&post=7528"},{"taxonomy":"post_tag","embeddable":true,"href":"https:\/\/panoramadelsur.com.ar\/index.php?rest_route=%2Fwp%2Fv2%2Ftags&post=7528"}],"curies":[{"name":"wp","href":"https:\/\/api.w.org\/{rel}","templated":true}]}}