{"id":7533,"date":"2021-07-21T01:05:00","date_gmt":"2021-07-21T04:05:00","guid":{"rendered":"http:\/\/panoramadelsur.com.ar\/?p=7533"},"modified":"2021-07-20T21:29:56","modified_gmt":"2021-07-21T00:29:56","slug":"mediocampista-cabrera-sufre-rotura-ligamentaria-en-banfield","status":"publish","type":"post","link":"https:\/\/panoramadelsur.com.ar\/?p=7533","title":{"rendered":"Mediocampista Cabrera sufre rotura ligamentaria en Banfield"},"content":{"rendered":"\n<p class=\"wp-block-paragraph\">El mediocampista de Banfield, Alejandro Cabrera, sufri\u00f3 una rotura ligamentaria en una de sus rodillas y deber\u00e1 permanecer inactivo por un largo per\u00edodo.<\/p>\n\n\n\n<p class=\"wp-block-paragraph\">El parte m\u00e9dico de la entidad del sur del Gran Buenos Aires indic\u00f3 que el exjugador de Estudiantes de R\u00edo Cuarto est\u00e1 afectado por \u201cuna rotura de ligamento cruzado anterior de la rodilla derecha\u201d. En principio, el jugador deber\u00eda pasar entre seis y ocho meses, alejado de las canchas.<\/p>\n\n\n\n<p class=\"wp-block-paragraph\">La lesi\u00f3n del volante, de 28 a\u00f1os, se dio en el curso del encuentro que el equipo del entrenador Javier Sanguinetti empat\u00f3 1-1 con Central C\u00f3rdoba de Santiago del Estero, el lunes \u00faltimo, por la primera fecha del campeonato de la Liga Profesional (LPF).<\/p>\n\n\n\n<p class=\"wp-block-paragraph\">\u201cEl futbolista encarar\u00e1 la recuperaci\u00f3n seguido de manera permanente por el cuerpo m\u00e9dico de la instituci\u00f3n\u201d, consider\u00f3 el club \u2018albiverde\u2019.<\/p>\n\n\n\n<p class=\"wp-block-paragraph\">Banfield retomar\u00e1 este mi\u00e9rcoles los entrenamientos en el predio de Luis Guill\u00f3n, con miras al encuentro del s\u00e1bado ante Boca Juniors (20.15), por la segunda fecha del torneo.<\/p>\n","protected":false},"excerpt":{"rendered":"<p>El mediocampista<\/p>\n","protected":false},"author":1,"featured_media":39574,"comment_status":"open","ping_status":"open","sticky":false,"template":"","format":"standard","meta":{"footnotes":""},"categories":[6],"tags":[],"class_list":["post-7533","post","type-post","status-publish","format-standard","has-post-thumbnail","hentry","category-deportes"],"_links":{"self":[{"href":"https:\/\/panoramadelsur.com.ar\/index.php?rest_route=\/wp\/v2\/posts\/7533","targetHints":{"allow":["GET"]}}],"collection":[{"href":"https:\/\/panoramadelsur.com.ar\/index.php?rest_route=\/wp\/v2\/posts"}],"about":[{"href":"https:\/\/panoramadelsur.com.ar\/index.php?rest_route=\/wp\/v2\/types\/post"}],"author":[{"embeddable":true,"href":"https:\/\/panoramadelsur.com.ar\/index.php?rest_route=\/wp\/v2\/users\/1"}],"replies":[{"embeddable":true,"href":"https:\/\/panoramadelsur.com.ar\/index.php?rest_route=%2Fwp%2Fv2%2Fcomments&post=7533"}],"version-history":[{"count":1,"href":"https:\/\/panoramadelsur.com.ar\/index.php?rest_route=\/wp\/v2\/posts\/7533\/revisions"}],"predecessor-version":[{"id":7535,"href":"https:\/\/panoramadelsur.com.ar\/index.php?rest_route=\/wp\/v2\/posts\/7533\/revisions\/7535"}],"wp:featuredmedia":[{"embeddable":true,"href":"https:\/\/panoramadelsur.com.ar\/index.php?rest_route=\/wp\/v2\/media\/39574"}],"wp:attachment":[{"href":"https:\/\/panoramadelsur.com.ar\/index.php?rest_route=%2Fwp%2Fv2%2Fmedia&parent=7533"}],"wp:term":[{"taxonomy":"category","embeddable":true,"href":"https:\/\/panoramadelsur.com.ar\/index.php?rest_route=%2Fwp%2Fv2%2Fcategories&post=7533"},{"taxonomy":"post_tag","embeddable":true,"href":"https:\/\/panoramadelsur.com.ar\/index.php?rest_route=%2Fwp%2Fv2%2Ftags&post=7533"}],"curies":[{"name":"wp","href":"https:\/\/api.w.org\/{rel}","templated":true}]}}