{"id":7545,"date":"2021-07-21T01:03:00","date_gmt":"2021-07-21T04:03:00","guid":{"rendered":"http:\/\/panoramadelsur.com.ar\/?p=7545"},"modified":"2021-07-20T22:47:36","modified_gmt":"2021-07-21T01:47:36","slug":"quilmes-vacuno-contra-el-covid-a-casi-el-85-por-ciento-de-su-listado-de-inscriptos","status":"publish","type":"post","link":"https:\/\/panoramadelsur.com.ar\/?p=7545","title":{"rendered":"Quilmes vacun\u00f3 contra el Covid a casi el 85 por ciento de su listado de inscriptos"},"content":{"rendered":"\n<p class=\"wp-block-paragraph\">El Municipio de Quilmes informa que en el distrito ya se vacun\u00f3 con la primera dosis a casi el 85% de las personas que se inscribieron en el Plan de Vacunaci\u00f3n Provincial P\u00fablico, Gratuito y Optativo Contra el COVID 19 \u201cBuenos Aires Vacunate\u201d. De los 387.131 quilme\u00f1as y quilme\u00f1os inscriptos ya fueron inoculados 326.870, lo que marca un n\u00famero por dem\u00e1s favorable.<\/p>\n\n\n\n<p class=\"wp-block-paragraph\">\u201cCon la decisi\u00f3n pol\u00edtica del Municipio de Quilmes y de su intendenta, Mayra Mendoza, en sinton\u00eda con la pol\u00edtica provincial de avanzar en una fase comunitaria para seguir acercando la vacunaci\u00f3n a la poblaci\u00f3n, con operativos itinerantes en los barrios populares y m\u00faltiples estrategias para llevar la vacuna la gente que no se vacun\u00f3, como la posta en la estaci\u00f3n, Quilmes aceler\u00f3 al m\u00e1ximo la campa\u00f1a de vacunaci\u00f3n. Sin dudas, este ritmo de vacunaci\u00f3n que lleva el distrito nos permite ir pensando en el fin de la pandemia y en retomar actividad que hab\u00edan sido postergadas\u201d, asegur\u00f3 el secretario de Salud local, doctor Jonatan Konfino.<\/p>\n\n\n\n<p class=\"wp-block-paragraph\">Debido a la llegada masiva de vacunas y al \u00e9xito del plan vacunaci\u00f3n m\u00e1s importante de la historia argentina, en las \u00faltimas semanas se abri\u00f3&nbsp; la vacunaci\u00f3n libre (sin&nbsp; turno ni inscripci\u00f3n previos) para los diferentes grupos etarios y desde ayer, tal como lo anunci\u00f3 el gobernador bonaerense Axel Kicillof, est\u00e1 abierta para mayores de 30 a\u00f1os. Adem\u00e1s, tambi\u00e9n desde ayer se permite la preinscripci\u00f3n de adolescentes de entre 13 y 17 a\u00f1os, entre los que tendr\u00e1n prioridad aquellas que padezcan comorbilidades, dando un paso m\u00e1s hacia la inmunizaci\u00f3n contra el coronavirus de toda la poblaci\u00f3n.<\/p>\n\n\n\n<p class=\"wp-block-paragraph\">De esta manera, Quilmes a la fecha cuenta con 13 postas de vacunaci\u00f3n, ya que a las 12 que mantuvo desde que se inici\u00f3 el proceso, se sum\u00f3 la que desde esta semana funciona de manera fija en la estaci\u00f3n ferroviaria (Rivadavia y Gaboto), por lo que contin\u00faa cumpli\u00e9ndose con las aplicaciones de dosis y ahora, incrementando la cantidad.<\/p>\n","protected":false},"excerpt":{"rendered":"<p>El Municipio<\/p>\n","protected":false},"author":1,"featured_media":39574,"comment_status":"open","ping_status":"open","sticky":false,"template":"","format":"standard","meta":{"footnotes":""},"categories":[1,2],"tags":[],"class_list":["post-7545","post","type-post","status-publish","format-standard","has-post-thumbnail","hentry","category-destacados","category-quilmes"],"_links":{"self":[{"href":"https:\/\/panoramadelsur.com.ar\/index.php?rest_route=\/wp\/v2\/posts\/7545","targetHints":{"allow":["GET"]}}],"collection":[{"href":"https:\/\/panoramadelsur.com.ar\/index.php?rest_route=\/wp\/v2\/posts"}],"about":[{"href":"https:\/\/panoramadelsur.com.ar\/index.php?rest_route=\/wp\/v2\/types\/post"}],"author":[{"embeddable":true,"href":"https:\/\/panoramadelsur.com.ar\/index.php?rest_route=\/wp\/v2\/users\/1"}],"replies":[{"embeddable":true,"href":"https:\/\/panoramadelsur.com.ar\/index.php?rest_route=%2Fwp%2Fv2%2Fcomments&post=7545"}],"version-history":[{"count":1,"href":"https:\/\/panoramadelsur.com.ar\/index.php?rest_route=\/wp\/v2\/posts\/7545\/revisions"}],"predecessor-version":[{"id":7547,"href":"https:\/\/panoramadelsur.com.ar\/index.php?rest_route=\/wp\/v2\/posts\/7545\/revisions\/7547"}],"wp:featuredmedia":[{"embeddable":true,"href":"https:\/\/panoramadelsur.com.ar\/index.php?rest_route=\/wp\/v2\/media\/39574"}],"wp:attachment":[{"href":"https:\/\/panoramadelsur.com.ar\/index.php?rest_route=%2Fwp%2Fv2%2Fmedia&parent=7545"}],"wp:term":[{"taxonomy":"category","embeddable":true,"href":"https:\/\/panoramadelsur.com.ar\/index.php?rest_route=%2Fwp%2Fv2%2Fcategories&post=7545"},{"taxonomy":"post_tag","embeddable":true,"href":"https:\/\/panoramadelsur.com.ar\/index.php?rest_route=%2Fwp%2Fv2%2Ftags&post=7545"}],"curies":[{"name":"wp","href":"https:\/\/api.w.org\/{rel}","templated":true}]}}