{"id":769,"date":"2021-02-17T16:35:40","date_gmt":"2021-02-17T16:35:40","guid":{"rendered":"http:\/\/panoramadelsur.com.ar\/?p=769"},"modified":"2021-02-17T16:35:42","modified_gmt":"2021-02-17T16:35:42","slug":"buenos-aires-recibio-mas-de-4-millones-de-turistas-desde-el-inciio-de-la-temporada-destaco-kicillof","status":"publish","type":"post","link":"https:\/\/panoramadelsur.com.ar\/?p=769","title":{"rendered":"Buenos Aires recibi\u00f3 m\u00e1s de 4 millones de turistas desde el inciio de la temporada, destac\u00f3 Kicillof"},"content":{"rendered":"\n<p class=\"wp-block-paragraph\">El Gobernador bonaerense, Axel Kicillof, destac\u00f3 que, desde el 1 de diciembre \u00faltimo, cuando comenz\u00f3 la temporada estival en territorio bonaerense, la provincia recibi\u00f3 \u00abm\u00e1s de 4 millones de turistas\u00bb y valor\u00f3 el trabajo de cada municipio para brindar seguridad sanitaria a los turistas en este contexto de pandemia.<\/p>\n\n\n\n<p class=\"wp-block-paragraph\">\u00abCon enorme alegr\u00eda recibimos m\u00e1s de 4 millones de turistas durante la temporada. El trabajo conjunto con cada distrito fue indispensable para permitirles un descanso seguro en cada destino bonaerense\u00bb, escribi\u00f3 el mandatario bonaerense en su cuenta oficial de Twitter.<\/p>\n\n\n\n<p class=\"wp-block-paragraph\">Asegur\u00f3 que \u00ablas y los esperamos (a los turistas) para seguir disfrutando de nuestra Provincia\u00bb.<\/p>\n\n\n\n<p class=\"wp-block-paragraph\">Kicillof comparti\u00f3 en su posteo un cuadro que detalla que desde el 1 de diciembre la Provincia recibi\u00f3 4.462.480 turistas, siendo el destino m\u00e1s elegido el Partido de La Costa, seguido por General Pueyrred\u00f3n y Villa Gesell<\/p>\n\n\n\n<p class=\"wp-block-paragraph\">El Gobierno bonaerense inform\u00f3 que este fin de semana de carnaval la Provincia recibi\u00f3 casi 780 mil turistas en sus distintos destinos tur\u00edsticos, con lo que registr\u00f3 un nuevo r\u00e9cord de visitantes en lo que va de este a\u00f1o.<\/p>\n\n\n\n<p class=\"wp-block-paragraph\">En un comunicado difundido ayer, el Gobierno provincial consign\u00f3 que la temporada de verano alcanz\u00f3 un nuevo pico de turistas en la provincia de Buenos Aires, cuando este domingo registr\u00f3 779.982 personas en los distintos destinos tur\u00edsticos bonaerenses, superando el r\u00e9cord que se hab\u00eda alcanzado el 23 de enero pasado.<\/p>\n","protected":false},"excerpt":{"rendered":"<p>El Gobernador<\/p>\n","protected":false},"author":1,"featured_media":39574,"comment_status":"open","ping_status":"open","sticky":false,"template":"","format":"standard","meta":{"footnotes":""},"categories":[5],"tags":[],"class_list":["post-769","post","type-post","status-publish","format-standard","has-post-thumbnail","hentry","category-provincia"],"_links":{"self":[{"href":"https:\/\/panoramadelsur.com.ar\/index.php?rest_route=\/wp\/v2\/posts\/769","targetHints":{"allow":["GET"]}}],"collection":[{"href":"https:\/\/panoramadelsur.com.ar\/index.php?rest_route=\/wp\/v2\/posts"}],"about":[{"href":"https:\/\/panoramadelsur.com.ar\/index.php?rest_route=\/wp\/v2\/types\/post"}],"author":[{"embeddable":true,"href":"https:\/\/panoramadelsur.com.ar\/index.php?rest_route=\/wp\/v2\/users\/1"}],"replies":[{"embeddable":true,"href":"https:\/\/panoramadelsur.com.ar\/index.php?rest_route=%2Fwp%2Fv2%2Fcomments&post=769"}],"version-history":[{"count":1,"href":"https:\/\/panoramadelsur.com.ar\/index.php?rest_route=\/wp\/v2\/posts\/769\/revisions"}],"predecessor-version":[{"id":771,"href":"https:\/\/panoramadelsur.com.ar\/index.php?rest_route=\/wp\/v2\/posts\/769\/revisions\/771"}],"wp:featuredmedia":[{"embeddable":true,"href":"https:\/\/panoramadelsur.com.ar\/index.php?rest_route=\/wp\/v2\/media\/39574"}],"wp:attachment":[{"href":"https:\/\/panoramadelsur.com.ar\/index.php?rest_route=%2Fwp%2Fv2%2Fmedia&parent=769"}],"wp:term":[{"taxonomy":"category","embeddable":true,"href":"https:\/\/panoramadelsur.com.ar\/index.php?rest_route=%2Fwp%2Fv2%2Fcategories&post=769"},{"taxonomy":"post_tag","embeddable":true,"href":"https:\/\/panoramadelsur.com.ar\/index.php?rest_route=%2Fwp%2Fv2%2Ftags&post=769"}],"curies":[{"name":"wp","href":"https:\/\/api.w.org\/{rel}","templated":true}]}}