{"id":7794,"date":"2021-07-26T08:33:34","date_gmt":"2021-07-26T11:33:34","guid":{"rendered":"http:\/\/panoramadelsur.com.ar\/?p=7794"},"modified":"2021-07-26T08:33:38","modified_gmt":"2021-07-26T11:33:38","slug":"continua-la-vacunacion-libre-para-mayores-de-30-en-estaciones-de-trenes-del-conurbano-bonaerense","status":"publish","type":"post","link":"https:\/\/panoramadelsur.com.ar\/?p=7794","title":{"rendered":"Contin\u00faa la vacunaci\u00f3n libre para mayores de 30 en estaciones de trenes del conurbano bonaerense"},"content":{"rendered":"\n<p>La provincia de Buenos Aires contin\u00faa hoy con la vacunaci\u00f3n libre contra el coronavirus a mayores de 30 a\u00f1os en estaciones de trenes, inform\u00f3 la subsecretaria de Gesti\u00f3n de la Informaci\u00f3n, Leticia Ceriani.<\/p>\n\n\n\n<p>En redes sociales, la funcionaria destac\u00f3 que las postas estar\u00e1n ubicadas en las estaciones de tren de San Isidro (de 10 a 16), de San Miguel (de 14 a 19), y de Jos\u00e9 C. Paz (de 10 a 16).<\/p>\n\n\n\n<p>A la vez, dijo que entre las 14 y las 19 aplicar\u00e1n la primera dosis en las estaciones de Adrogu\u00e9, Claypole, Lomas de Zamora, Temperley, Quilmes y Florencio Varela.<\/p>\n\n\n\n<p>En tanto, se inmunizar\u00e1 sin turno en las estaciones de Moreno (de 10 a 16), Caseros (de 14 a 19), Merlo (de 12 a 17), City Bel (14 a 19) y entre las 8 y las 16 en las de Rafael Castillo y Gonz\u00e1lez Cat\u00e1n.<\/p>\n\n\n\n<p>En esas postas pueden acceder a la vacunaci\u00f3n libre las personas mayores de 30 a\u00f1os, trabajadores de la salud, la educaci\u00f3n y las fuerzas de seguridad, mayores de 18 a\u00f1os con comorbilidades y embarazadas.<a href=\"javascript:void(0)\"><\/a><\/p>\n","protected":false},"excerpt":{"rendered":"<p>La provincia<\/p>\n","protected":false},"author":1,"featured_media":39574,"comment_status":"open","ping_status":"open","sticky":false,"template":"","format":"standard","meta":{"footnotes":""},"categories":[5],"tags":[],"class_list":["post-7794","post","type-post","status-publish","format-standard","has-post-thumbnail","hentry","category-provincia"],"_links":{"self":[{"href":"https:\/\/panoramadelsur.com.ar\/index.php?rest_route=\/wp\/v2\/posts\/7794","targetHints":{"allow":["GET"]}}],"collection":[{"href":"https:\/\/panoramadelsur.com.ar\/index.php?rest_route=\/wp\/v2\/posts"}],"about":[{"href":"https:\/\/panoramadelsur.com.ar\/index.php?rest_route=\/wp\/v2\/types\/post"}],"author":[{"embeddable":true,"href":"https:\/\/panoramadelsur.com.ar\/index.php?rest_route=\/wp\/v2\/users\/1"}],"replies":[{"embeddable":true,"href":"https:\/\/panoramadelsur.com.ar\/index.php?rest_route=%2Fwp%2Fv2%2Fcomments&post=7794"}],"version-history":[{"count":1,"href":"https:\/\/panoramadelsur.com.ar\/index.php?rest_route=\/wp\/v2\/posts\/7794\/revisions"}],"predecessor-version":[{"id":7796,"href":"https:\/\/panoramadelsur.com.ar\/index.php?rest_route=\/wp\/v2\/posts\/7794\/revisions\/7796"}],"wp:featuredmedia":[{"embeddable":true,"href":"https:\/\/panoramadelsur.com.ar\/index.php?rest_route=\/wp\/v2\/media\/39574"}],"wp:attachment":[{"href":"https:\/\/panoramadelsur.com.ar\/index.php?rest_route=%2Fwp%2Fv2%2Fmedia&parent=7794"}],"wp:term":[{"taxonomy":"category","embeddable":true,"href":"https:\/\/panoramadelsur.com.ar\/index.php?rest_route=%2Fwp%2Fv2%2Fcategories&post=7794"},{"taxonomy":"post_tag","embeddable":true,"href":"https:\/\/panoramadelsur.com.ar\/index.php?rest_route=%2Fwp%2Fv2%2Ftags&post=7794"}],"curies":[{"name":"wp","href":"https:\/\/api.w.org\/{rel}","templated":true}]}}