{"id":7797,"date":"2021-07-26T08:46:30","date_gmt":"2021-07-26T11:46:30","guid":{"rendered":"http:\/\/panoramadelsur.com.ar\/?p=7797"},"modified":"2021-07-26T08:46:34","modified_gmt":"2021-07-26T11:46:34","slug":"medicos-bonaerenses-valoran-enorme-reconocimiento-a-la-tarea-y-piden-por-salarios-y-continuidad","status":"publish","type":"post","link":"https:\/\/panoramadelsur.com.ar\/?p=7797","title":{"rendered":"M\u00e9dicos bonaerenses valoran \u00abenorme reconocimiento a la tarea\u00bb y piden por salarios y continuidad"},"content":{"rendered":"\n<p>M\u00e9dicos nucleados en la Asociaci\u00f3n Sindical de Profesionales de la Salud de la Provincia de Buenos Aires (Cicop) valoraron haber llegado \u00aben mejores condiciones a una nueva instancia formal de negociaci\u00f3n\u00bb salarial con el Gobierno bonaerense y pidieron que ese \u00abenorme reconocimiento a la tarea\u00bb se sostenga.<\/p>\n\n\n\n<p>Lo hicieron al analizar \u00abel estado actual de la paritaria, que tendr\u00e1 una nueva reapertura en el mes de agosto\u00bb.<\/p>\n\n\n\n<p>\u00abSe valor\u00f3 positivamente haber conseguido el adelantamiento de los plazos, el compromiso de reapertura que debe ser concretado y, sobre todo, la habilitaci\u00f3n de licencias ordinarias que hoy est\u00e1n aprovechando miles de compa\u00f1eros y compa\u00f1eras para recuperarse f\u00edsica y mentalmente luego de meses de sobrecarga laboral\u00bb, manifest\u00f3 el sindicato en un comunicado de prensa.<\/p>\n\n\n\n<p>No obstante, desde la entidad gremial que nuclea a m\u00e9dicos bonaerenses indicaron que \u00abel reconocimiento a la enorme tarea realizada por el equipo de salud debe sostenerse con salarios que le ganen a la inflaci\u00f3n en provincia y en todos los municipios\u00bb.<\/p>\n\n\n\n<p>Asimismo, plantearon que \u00abes primordial que durante el a\u00f1o en curso todos los residentes que finalizan su capacitaci\u00f3n tengan continuidad laboral\u00bb.<\/p>\n\n\n\n<p>En ese marco, anunciaron una jornada nacional de lucha para el 12 de agosto \u00abcon el objetivo de dar continuidad a nuestros reclamos en unidad con todos los equipos de salud del pa\u00eds para que la voz de los trabajadores de la salud sea escuchada con fuerza\u00bb.<\/p>\n\n\n\n<p>Por otra parte, el gremio plante\u00f3 que \u00abcon el cierre de listas para las pr\u00f3ximas elecciones legislativas comienza una campa\u00f1a electoral en donde sin dudas la salud p\u00fablica debe estar en el centro del debate\u00bb.<\/p>\n\n\n\n<p>En ese marco, la Cicop se\u00f1al\u00f3 que los comicios se desarrollar\u00e1n en un contexto en el que \u00abla pandemia a\u00fan sigue amenazando la salud de todos los habitantes del mundo y los sistemas de salud est\u00e1n en discusi\u00f3n a nivel global\u00bb.<a href=\"javascript:void(0)\"><\/a><\/p>\n","protected":false},"excerpt":{"rendered":"<p>M\u00e9dicos nucleados<\/p>\n","protected":false},"author":1,"featured_media":39574,"comment_status":"open","ping_status":"open","sticky":false,"template":"","format":"standard","meta":{"footnotes":""},"categories":[5],"tags":[],"class_list":["post-7797","post","type-post","status-publish","format-standard","has-post-thumbnail","hentry","category-provincia"],"_links":{"self":[{"href":"https:\/\/panoramadelsur.com.ar\/index.php?rest_route=\/wp\/v2\/posts\/7797","targetHints":{"allow":["GET"]}}],"collection":[{"href":"https:\/\/panoramadelsur.com.ar\/index.php?rest_route=\/wp\/v2\/posts"}],"about":[{"href":"https:\/\/panoramadelsur.com.ar\/index.php?rest_route=\/wp\/v2\/types\/post"}],"author":[{"embeddable":true,"href":"https:\/\/panoramadelsur.com.ar\/index.php?rest_route=\/wp\/v2\/users\/1"}],"replies":[{"embeddable":true,"href":"https:\/\/panoramadelsur.com.ar\/index.php?rest_route=%2Fwp%2Fv2%2Fcomments&post=7797"}],"version-history":[{"count":1,"href":"https:\/\/panoramadelsur.com.ar\/index.php?rest_route=\/wp\/v2\/posts\/7797\/revisions"}],"predecessor-version":[{"id":7798,"href":"https:\/\/panoramadelsur.com.ar\/index.php?rest_route=\/wp\/v2\/posts\/7797\/revisions\/7798"}],"wp:featuredmedia":[{"embeddable":true,"href":"https:\/\/panoramadelsur.com.ar\/index.php?rest_route=\/wp\/v2\/media\/39574"}],"wp:attachment":[{"href":"https:\/\/panoramadelsur.com.ar\/index.php?rest_route=%2Fwp%2Fv2%2Fmedia&parent=7797"}],"wp:term":[{"taxonomy":"category","embeddable":true,"href":"https:\/\/panoramadelsur.com.ar\/index.php?rest_route=%2Fwp%2Fv2%2Fcategories&post=7797"},{"taxonomy":"post_tag","embeddable":true,"href":"https:\/\/panoramadelsur.com.ar\/index.php?rest_route=%2Fwp%2Fv2%2Ftags&post=7797"}],"curies":[{"name":"wp","href":"https:\/\/api.w.org\/{rel}","templated":true}]}}