{"id":784,"date":"2021-02-18T01:05:00","date_gmt":"2021-02-18T01:05:00","guid":{"rendered":"http:\/\/panoramadelsur.com.ar\/?p=784"},"modified":"2021-02-17T18:05:06","modified_gmt":"2021-02-17T18:05:06","slug":"labores-de-reparacion-de-luminarias-en-diversos-barrios-varelenses","status":"publish","type":"post","link":"https:\/\/panoramadelsur.com.ar\/?p=784","title":{"rendered":"Labores de reparaci\u00f3n de luminarias en diversos barrios varelenses"},"content":{"rendered":"\n<p class=\"wp-block-paragraph\">Como parte de las medidas que impulsa el intendente Andr\u00e9s Watson de optimizar los servicios p\u00fablicos en pos de mejorar la calidad de vida de las y los varelenses, se llevaron adelante trabajos de reparaci\u00f3n de luminarias p\u00fablicas, que fortalecer\u00e1n la seguridad en las zonas intervenidas, seg\u00fan comunicaron desde la delegaciones municipales de Bosques, Villa M\u00f3nica Nueva y el Cruce Varela. &nbsp;<\/p>\n\n\n\n<p class=\"wp-block-paragraph\"><strong>Bosques.<\/strong> Se desarrollaron tareas de reparaci\u00f3n de alumbrado p\u00fablico que se llevaron a cabo en distintos puntos del barrio San Rudecindo.<\/p>\n\n\n\n<p class=\"wp-block-paragraph\"><strong>Villa M\u00f3nica Nueva. <\/strong>Se realizaron labores sobre el alumbrado p\u00fablico en diversos lugares de La Colorada.<\/p>\n\n\n\n<p class=\"wp-block-paragraph\"><strong>Cruce Varela. <\/strong>Se trabaj\u00f3 sobre la optimizaci\u00f3n del parque lum\u00ednico en distintos barrios que comprenden la zona de influencia de dicha delegaci\u00f3n.<\/p>\n\n\n\n<p class=\"wp-block-paragraph\">Cabe recordar que desde la secretar\u00eda de Obras, Servicios P\u00fablicos e Infraestructura Urbana municipal, se viene desarrollando un plan para nuevas luminarias en plazas, accesos y puntos de concentraci\u00f3n comercial.<\/p>\n\n\n\n<p class=\"wp-block-paragraph\">Todas las acciones descriptas, adem\u00e1s, mejorar\u00e1n la visibilidad y ayudar\u00e1n a la prevenci\u00f3n de accidentes.<\/p>\n","protected":false},"excerpt":{"rendered":"<p>Como parte<\/p>\n","protected":false},"author":1,"featured_media":39574,"comment_status":"open","ping_status":"open","sticky":false,"template":"","format":"standard","meta":{"footnotes":""},"categories":[3],"tags":[],"class_list":["post-784","post","type-post","status-publish","format-standard","has-post-thumbnail","hentry","category-regionales"],"_links":{"self":[{"href":"https:\/\/panoramadelsur.com.ar\/index.php?rest_route=\/wp\/v2\/posts\/784","targetHints":{"allow":["GET"]}}],"collection":[{"href":"https:\/\/panoramadelsur.com.ar\/index.php?rest_route=\/wp\/v2\/posts"}],"about":[{"href":"https:\/\/panoramadelsur.com.ar\/index.php?rest_route=\/wp\/v2\/types\/post"}],"author":[{"embeddable":true,"href":"https:\/\/panoramadelsur.com.ar\/index.php?rest_route=\/wp\/v2\/users\/1"}],"replies":[{"embeddable":true,"href":"https:\/\/panoramadelsur.com.ar\/index.php?rest_route=%2Fwp%2Fv2%2Fcomments&post=784"}],"version-history":[{"count":1,"href":"https:\/\/panoramadelsur.com.ar\/index.php?rest_route=\/wp\/v2\/posts\/784\/revisions"}],"predecessor-version":[{"id":786,"href":"https:\/\/panoramadelsur.com.ar\/index.php?rest_route=\/wp\/v2\/posts\/784\/revisions\/786"}],"wp:featuredmedia":[{"embeddable":true,"href":"https:\/\/panoramadelsur.com.ar\/index.php?rest_route=\/wp\/v2\/media\/39574"}],"wp:attachment":[{"href":"https:\/\/panoramadelsur.com.ar\/index.php?rest_route=%2Fwp%2Fv2%2Fmedia&parent=784"}],"wp:term":[{"taxonomy":"category","embeddable":true,"href":"https:\/\/panoramadelsur.com.ar\/index.php?rest_route=%2Fwp%2Fv2%2Fcategories&post=784"},{"taxonomy":"post_tag","embeddable":true,"href":"https:\/\/panoramadelsur.com.ar\/index.php?rest_route=%2Fwp%2Fv2%2Ftags&post=784"}],"curies":[{"name":"wp","href":"https:\/\/api.w.org\/{rel}","templated":true}]}}