{"id":790,"date":"2021-02-17T19:52:05","date_gmt":"2021-02-17T19:52:05","guid":{"rendered":"http:\/\/panoramadelsur.com.ar\/?p=790"},"modified":"2021-02-17T19:52:07","modified_gmt":"2021-02-17T19:52:07","slug":"convenio-para-la-implementacion-del-tramite-del-certificado-de-antecedentes-penales-en-quilmes","status":"publish","type":"post","link":"https:\/\/panoramadelsur.com.ar\/?p=790","title":{"rendered":"Convenio para la implementaci\u00f3n del tr\u00e1mite del certificado de antecedentes penales en Quilmes"},"content":{"rendered":"\n<p class=\"wp-block-paragraph\">La intendenta de Quilmes, Mayra Mendoza, suscribi\u00f3 esta tarde un convenio de colaboraci\u00f3n institucional con la ministra de Justicia y Derechos Humanos de la Naci\u00f3n, Marcela Losardo, con el objetivo de implementar en el distrito una \u201cUnidad de Expedici\u00f3n y Registro\u201d (UER) para la tramitaci\u00f3n del Certificado de Antecedentes Penales.<\/p>\n\n\n\n<p class=\"wp-block-paragraph\">\u201cFirmamos un convenio con la ministra de Justicia y DD.HH. de la Naci\u00f3n, Marcela Losardo, que permitir\u00e1 incorporar una nueva oficina de reincidencias en Quilmes para facilitar las gestiones que necesiten hacer nuestros vecinos y vecinas\u201d, sostuvo Mayra, una vez finalizado el encuentro virtual.<\/p>\n\n\n\n<p class=\"wp-block-paragraph\">Esta iniciativa busca acercar a la comunidad y a los organismos jurisdiccionales, el servicio de Expedici\u00f3n de Informes y el Certificado de Antecedentes Penales. Cabe remarcar que el tr\u00e1mite ser\u00e1 arancelado para todos aquellos que deseen realizarlo.<\/p>\n\n\n\n<p class=\"wp-block-paragraph\">Dentro del convenio qued\u00f3 establecido que la Comuna dispondr\u00e1 de un espacio edilicio adecuado para la instalaci\u00f3n del UER a trav\u00e9s de la Direcci\u00f3n Nacional del Registro Nacional de Reincidencia, la cual proveer\u00e1 el equipamiento inform\u00e1tico, el software correspondiente y la capacitaci\u00f3n de los operadores municipales que estar\u00e1n a cargo de dicha tarea.<\/p>\n","protected":false},"excerpt":{"rendered":"<p>La intendenta<\/p>\n","protected":false},"author":1,"featured_media":39574,"comment_status":"open","ping_status":"open","sticky":false,"template":"","format":"standard","meta":{"footnotes":""},"categories":[1],"tags":[],"class_list":["post-790","post","type-post","status-publish","format-standard","has-post-thumbnail","hentry","category-destacados"],"_links":{"self":[{"href":"https:\/\/panoramadelsur.com.ar\/index.php?rest_route=\/wp\/v2\/posts\/790","targetHints":{"allow":["GET"]}}],"collection":[{"href":"https:\/\/panoramadelsur.com.ar\/index.php?rest_route=\/wp\/v2\/posts"}],"about":[{"href":"https:\/\/panoramadelsur.com.ar\/index.php?rest_route=\/wp\/v2\/types\/post"}],"author":[{"embeddable":true,"href":"https:\/\/panoramadelsur.com.ar\/index.php?rest_route=\/wp\/v2\/users\/1"}],"replies":[{"embeddable":true,"href":"https:\/\/panoramadelsur.com.ar\/index.php?rest_route=%2Fwp%2Fv2%2Fcomments&post=790"}],"version-history":[{"count":1,"href":"https:\/\/panoramadelsur.com.ar\/index.php?rest_route=\/wp\/v2\/posts\/790\/revisions"}],"predecessor-version":[{"id":792,"href":"https:\/\/panoramadelsur.com.ar\/index.php?rest_route=\/wp\/v2\/posts\/790\/revisions\/792"}],"wp:featuredmedia":[{"embeddable":true,"href":"https:\/\/panoramadelsur.com.ar\/index.php?rest_route=\/wp\/v2\/media\/39574"}],"wp:attachment":[{"href":"https:\/\/panoramadelsur.com.ar\/index.php?rest_route=%2Fwp%2Fv2%2Fmedia&parent=790"}],"wp:term":[{"taxonomy":"category","embeddable":true,"href":"https:\/\/panoramadelsur.com.ar\/index.php?rest_route=%2Fwp%2Fv2%2Fcategories&post=790"},{"taxonomy":"post_tag","embeddable":true,"href":"https:\/\/panoramadelsur.com.ar\/index.php?rest_route=%2Fwp%2Fv2%2Ftags&post=790"}],"curies":[{"name":"wp","href":"https:\/\/api.w.org\/{rel}","templated":true}]}}