{"id":793,"date":"2021-02-18T01:06:00","date_gmt":"2021-02-18T01:06:00","guid":{"rendered":"http:\/\/panoramadelsur.com.ar\/?p=793"},"modified":"2021-02-17T20:54:05","modified_gmt":"2021-02-17T20:54:05","slug":"la-universidad-de-lanus-arma-aulas-al-aire-libre-para-facilitar-las-clases-presenciales","status":"publish","type":"post","link":"https:\/\/panoramadelsur.com.ar\/?p=793","title":{"rendered":"La Universidad de Lan\u00fas arma aulas al aire libre para facilitar las clases presenciales"},"content":{"rendered":"\n<p class=\"wp-block-paragraph\">La Universidad Nacional de Lan\u00fas (UNLa) avanza en la construcci\u00f3n de aulas al aire libre, atenta a los procesos de vacunaci\u00f3n y a las indicaciones de los Gobiernos nacional y provincial para el retorno paulatino a las clases presenciales.<\/p>\n\n\n\n<p class=\"wp-block-paragraph\">Con ese fin, la universidad del sur del conurbano prepara su predio construyendo y colocando bancos en sus plazas, y creando otras nuevas para contar con espacios al aire libre que sean seguros para todos, indic\u00f3 un comunicado oficial.<\/p>\n\n\n\n<p class=\"wp-block-paragraph\">\u00ab\u00c1goras. Con ese nombre que designaba en la Antigua Grecia a las plazas de las ciudades-estado donde se sol\u00edan congregar los ciudadanos para tratar diversos temas de la vida p\u00fablica\u00bb, y as\u00ed denomin\u00f3 a las aulas al aire libre que la instituci\u00f3n est\u00e1 construyendo en su campus acad\u00e9mico, en Remedios de Escalada, la rectora de la UNLa, Ana Jaramillo.<\/p>\n\n\n\n<p class=\"wp-block-paragraph\">La iniciativa, cuenta con la participaci\u00f3n de docentes, trabajadores no docentes, autoridades y graduados y estudiantes voluntarios.<\/p>\n\n\n\n<p class=\"wp-block-paragraph\">Esas aulas al aire libre estar\u00e1n situadas en plazas que posee actualmente el predio de la UNLa (de \u00abNuestra Am\u00e9rica\u00bb, \u00abde la Democracia\u00bb, \u00abde los Derechos Humanos\u00bb, \u00abde la Paz\u00bb), m\u00e1s otras que se construir\u00e1n pr\u00f3ximamente (\u00abde la Justicia social\u00bb y \u00abdel 10\u00bb).<\/p>\n\n\n\n<p class=\"wp-block-paragraph\">En varias, ya se emplazaron bancos hechos con durmientes de quebracho del ferrocarril con bases hormig\u00f3n, fabricados en la Universidad.<\/p>\n\n\n\n<p class=\"wp-block-paragraph\">\u00abEn pandemia, como estamos ahora en el mundo entero, es necesario tener resiliencia, y por eso en la UNLa estamos haciendo aulas al aire libre, con durmientes sobre bases de hormig\u00f3n para aguantar, resistir y ser resilientes los docentes y los casi ocho mil que anhelan ingresar a la universidad adem\u00e1s de los casi 35.000 que ya est\u00e1n cursando\u00bb, se\u00f1al\u00f3 el comunicado de la UNLa.<\/p>\n\n\n\n<p class=\"wp-block-paragraph\">Esos espacios, a su vez, ser\u00e1n complementados con otras aulas al aire libre que se formar\u00e1n a lo largo de las amplias galer\u00edas exteriores techadas que posee la mayor\u00eda de los edificios de la Universidad y en este caso, se utilizar\u00e1 el mobiliario existente en las aulas que est\u00e1n dentro de esos edificios.<\/p>\n\n\n\n<p class=\"wp-block-paragraph\">La UNLa inici\u00f3 el 1 de febrero el curso de ingreso de verano de modo virtual y contin\u00faa atenta a los procesos de vacunaci\u00f3n y a las indicaciones de los Gobiernos, tanto nacional como provincial, para encarar el retorno a la presencialidad lo antes posible sobre la base del cuidado mutuo.<\/p>\n","protected":false},"excerpt":{"rendered":"<p>La Universidad<\/p>\n","protected":false},"author":1,"featured_media":39574,"comment_status":"open","ping_status":"open","sticky":false,"template":"","format":"standard","meta":{"footnotes":""},"categories":[3],"tags":[],"class_list":["post-793","post","type-post","status-publish","format-standard","has-post-thumbnail","hentry","category-regionales"],"_links":{"self":[{"href":"https:\/\/panoramadelsur.com.ar\/index.php?rest_route=\/wp\/v2\/posts\/793","targetHints":{"allow":["GET"]}}],"collection":[{"href":"https:\/\/panoramadelsur.com.ar\/index.php?rest_route=\/wp\/v2\/posts"}],"about":[{"href":"https:\/\/panoramadelsur.com.ar\/index.php?rest_route=\/wp\/v2\/types\/post"}],"author":[{"embeddable":true,"href":"https:\/\/panoramadelsur.com.ar\/index.php?rest_route=\/wp\/v2\/users\/1"}],"replies":[{"embeddable":true,"href":"https:\/\/panoramadelsur.com.ar\/index.php?rest_route=%2Fwp%2Fv2%2Fcomments&post=793"}],"version-history":[{"count":1,"href":"https:\/\/panoramadelsur.com.ar\/index.php?rest_route=\/wp\/v2\/posts\/793\/revisions"}],"predecessor-version":[{"id":795,"href":"https:\/\/panoramadelsur.com.ar\/index.php?rest_route=\/wp\/v2\/posts\/793\/revisions\/795"}],"wp:featuredmedia":[{"embeddable":true,"href":"https:\/\/panoramadelsur.com.ar\/index.php?rest_route=\/wp\/v2\/media\/39574"}],"wp:attachment":[{"href":"https:\/\/panoramadelsur.com.ar\/index.php?rest_route=%2Fwp%2Fv2%2Fmedia&parent=793"}],"wp:term":[{"taxonomy":"category","embeddable":true,"href":"https:\/\/panoramadelsur.com.ar\/index.php?rest_route=%2Fwp%2Fv2%2Fcategories&post=793"},{"taxonomy":"post_tag","embeddable":true,"href":"https:\/\/panoramadelsur.com.ar\/index.php?rest_route=%2Fwp%2Fv2%2Ftags&post=793"}],"curies":[{"name":"wp","href":"https:\/\/api.w.org\/{rel}","templated":true}]}}