{"id":8619,"date":"2021-08-16T01:05:00","date_gmt":"2021-08-16T04:05:00","guid":{"rendered":"http:\/\/panoramadelsur.com.ar\/?p=8619"},"modified":"2021-08-15T22:08:24","modified_gmt":"2021-08-16T01:08:24","slug":"fernandez-dijo-que-el-turismo-fue-la-actividad-mas-danada-por-la-pandemia-y-destaco-el-previaje","status":"publish","type":"post","link":"https:\/\/panoramadelsur.com.ar\/?p=8619","title":{"rendered":"Fern\u00e1ndez dijo que el turismo \u00abfue la actividad m\u00e1s da\u00f1ada\u00bb por la pandemia y destac\u00f3 el Previaje"},"content":{"rendered":"\n<p>El presidente Alberto Fern\u00e1ndez dijo durante el fin de semana que el turismo \u00abfue la actividad m\u00e1s da\u00f1ada\u00bb por la pandemia de coronavirus y manifest\u00f3 que por eso est\u00e1 \u00abmuy contento\u00bb por el lanzamiento de la segunda edici\u00f3n del programa Previaje.<\/p>\n\n\n\n<p>\u00abQuiero que cada persona que trabaja en el sector sepa que estoy para ayudarla\u00bb, advirti\u00f3 el jefe de Estado en su cuenta de la red social Twitter.<\/p>\n\n\n\n<p>En ese sentido, manifest\u00f3 que \u00abvamos a volver a salir y a disfrutar de nuestra tierra\u00bb.<\/p>\n\n\n\n<p>\u00abEl turismo fue la actividad m\u00e1s da\u00f1ada por la pandemia\u00bb, expres\u00f3 el Presidente y se\u00f1al\u00f3 que \u00abpor eso, estoy muy contento de lanzar la segunda edici\u00f3n del programa PreViaje\u00bb.<\/p>\n\n\n\n<p>El jefe de Estado replic\u00f3 en su posteo una publicaci\u00f3n del Ministerio de Turismo y Deportes sobre la iniciativa, cuya segunda edici\u00f3n present\u00f3 en el Parque Nacional Iguaz\u00fa, en Misiones, acompa\u00f1ado por el ministro de esa cartera, Mat\u00edas Lammens.<a href=\"javascript:void(0)\"><\/a><\/p>\n","protected":false},"excerpt":{"rendered":"<p>El presidente<\/p>\n","protected":false},"author":1,"featured_media":39574,"comment_status":"open","ping_status":"open","sticky":false,"template":"","format":"standard","meta":{"footnotes":""},"categories":[4],"tags":[],"class_list":["post-8619","post","type-post","status-publish","format-standard","has-post-thumbnail","hentry","category-nacionales"],"_links":{"self":[{"href":"https:\/\/panoramadelsur.com.ar\/index.php?rest_route=\/wp\/v2\/posts\/8619","targetHints":{"allow":["GET"]}}],"collection":[{"href":"https:\/\/panoramadelsur.com.ar\/index.php?rest_route=\/wp\/v2\/posts"}],"about":[{"href":"https:\/\/panoramadelsur.com.ar\/index.php?rest_route=\/wp\/v2\/types\/post"}],"author":[{"embeddable":true,"href":"https:\/\/panoramadelsur.com.ar\/index.php?rest_route=\/wp\/v2\/users\/1"}],"replies":[{"embeddable":true,"href":"https:\/\/panoramadelsur.com.ar\/index.php?rest_route=%2Fwp%2Fv2%2Fcomments&post=8619"}],"version-history":[{"count":1,"href":"https:\/\/panoramadelsur.com.ar\/index.php?rest_route=\/wp\/v2\/posts\/8619\/revisions"}],"predecessor-version":[{"id":8621,"href":"https:\/\/panoramadelsur.com.ar\/index.php?rest_route=\/wp\/v2\/posts\/8619\/revisions\/8621"}],"wp:featuredmedia":[{"embeddable":true,"href":"https:\/\/panoramadelsur.com.ar\/index.php?rest_route=\/wp\/v2\/media\/39574"}],"wp:attachment":[{"href":"https:\/\/panoramadelsur.com.ar\/index.php?rest_route=%2Fwp%2Fv2%2Fmedia&parent=8619"}],"wp:term":[{"taxonomy":"category","embeddable":true,"href":"https:\/\/panoramadelsur.com.ar\/index.php?rest_route=%2Fwp%2Fv2%2Fcategories&post=8619"},{"taxonomy":"post_tag","embeddable":true,"href":"https:\/\/panoramadelsur.com.ar\/index.php?rest_route=%2Fwp%2Fv2%2Ftags&post=8619"}],"curies":[{"name":"wp","href":"https:\/\/api.w.org\/{rel}","templated":true}]}}