{"id":8629,"date":"2021-08-16T01:05:00","date_gmt":"2021-08-16T04:05:00","guid":{"rendered":"http:\/\/panoramadelsur.com.ar\/?p=8629"},"modified":"2021-08-15T22:36:48","modified_gmt":"2021-08-16T01:36:48","slug":"tareas-de-cuidado-una-verdadera-reparacion-historica","status":"publish","type":"post","link":"https:\/\/panoramadelsur.com.ar\/?p=8629","title":{"rendered":"Tareas de cuidado, una verdadera reparaci\u00f3n hist\u00f3rica"},"content":{"rendered":"\n<p><strong><em>Por Santiago Fraschina, Secretario General de la Anses.<\/em><\/strong><\/p>\n\n\n\n<p><\/p>\n\n\n\n<p>El pasado 13 de julio, anunciamos desde el Gobierno nacional una nueva medida para reconocer los aportes por las tareas de cuidado, tareas que demandan a las mujeres mucho tiempo a lo largo de toda su vida. Esta medida visibiliza una desigualdad hist\u00f3rica y estructural en la distribuci\u00f3n de las tareas de cuidado, pero tambi\u00e9n contribuye a repararla reconociendo y valorando el tiempo que las mujeres destinaron y destinan a la crianza de sus hijos e hijas.<\/p>\n\n\n\n<p>La divisi\u00f3n sexual del trabajo asigna roles de g\u00e9nero a las diferentes actividades e hist\u00f3ricamente ha delegado a las mujeres el trabajo reproductivo y las tareas indispensables para garantizar el cuidado, el bienestar y la supervivencia de las personas del hogar, mientras que, el trabajo productivo, que se realiza de manera remunerada en el mercado, aparece tradicionalmente asociado a los varones. Esta configuraci\u00f3n que ha tomado la organizaci\u00f3n del trabajo social ha tendido a desplazar a las mujeres del mercado de trabajo y obstaculizar sus trayectorias laborales.<\/p>\n\n\n\n<p>Es evidente que tanto el trabajo productivo como el reproductivo representan un conjunto de acciones igualmente necesarias para el desarrollo de la vida cotidiana y el sostenimiento de las sociedades, pero, sin embargo, no gozan del mismo reconocimiento. De este modo, las tareas dom\u00e9sticas y de cuidado no remuneradas son un trabajo que queda invisibilizado, a pesar de su rol fundamental para el funcionamiento de las sociedades en su conjunto.<\/p>\n\n\n\n<p>Estas condiciones desfavorables que las mujeres deben enfrentar para formar parte del mercado de trabajo, derivan en trayectorias laborales m\u00e1s interrumpidas que repercuten en el acceso a sus derechos previsionales. En este sentido, las moratorias previsionales, especialmente la Ley 26.970, permitieron el acceso masivo de mujeres al sistema previsional. De las actuales mujeres jubiladas, siete de cada 10 accedieron a su jubilaci\u00f3n gracias a la moratoria. En contraposici\u00f3n, s\u00f3lo cuatro de cada 10 varones jubilados actualmente obtuvieron su cobertura a trav\u00e9s de la moratoria.<\/p>\n\n\n\n<p>La situaci\u00f3n de las personas que est\u00e1n a punto de cumplir la edad jubilatoria tambi\u00e9n refleja estas desigualdades. En base a datos del Bolet\u00edn Estad\u00edstico de la Seguridad Social, se estima que s\u00f3lo uno de cada 10 mujeres de 59 a\u00f1os alcanzar\u00e1 a reunir los 30 a\u00f1os de aportes requeridos por el SIPA; mientras que, de los varones de 64 a\u00f1os, cuatro de cada 10 se estima que alcanzar\u00e1n a reunir los 30 a\u00f1os.<\/p>\n\n\n\n<p>El Programa de Reconocimiento de Aportes por Tareas de Cuidados permitir\u00e1 reducir la brecha en el acceso al Sistema Previsional entre varones y mujeres. Consta de tres ejes fundamentales: reconoce 1 a\u00f1o de servicios por cada hijo\/a nacido\/a vivo\/a, 2 a\u00f1os por hijo\/a adoptado\/a y reconoce hasta nueve meses por el per\u00edodo de licencia y excedencia por maternidad. Adem\u00e1s, el programa reconoce de forma adicional 2 a\u00f1os por cada hijo\/a que haya percibido la AUH durante al menos 12 meses y 1 a\u00f1o adicional por cada hijo\/a con discapacidad.<\/p>\n\n\n\n<p>De esta forma, el reconocimiento de a\u00f1os de aportes por las tareas de cuidado va a beneficiar a todas las madres argentinas reconociendo su dedicaci\u00f3n y su trabajo no remunerado y acerc\u00e1ndolas a\u00fan m\u00e1s a sus derechos previsionales. Se estima que 155 mil mujeres que no alcanzaban a jubilarse podr\u00e1n hacerlo gracias a esta pol\u00edtica. Adem\u00e1s, aquellas que s\u00ed alcanzaban a jubilarse a trav\u00e9s de la moratoria previsional gozar\u00e1n del mismo reconocimiento y se beneficiar\u00e1n teniendo que pagar una cuota m\u00e1s baja, incluso muchas podr\u00edan prescindir de la moratoria.<\/p>\n\n\n\n<p>Esta pol\u00edtica marca un hito en la Seguridad Social en nuestro pa\u00eds y genera un nuevo piso de derechos que constituyen un primer paso para reconocer el valor de las tareas de cuidado. Adem\u00e1s, permitir\u00e1 sostener y mejorar los est\u00e1ndares de cobertura previsional que ha logrado el pa\u00eds, especialmente a partir de las moratorias previsionales.<a href=\"javascript:void(0)\"><\/a><\/p>\n","protected":false},"excerpt":{"rendered":"<p>Por Santiago<\/p>\n","protected":false},"author":1,"featured_media":39574,"comment_status":"open","ping_status":"open","sticky":false,"template":"","format":"standard","meta":{"footnotes":""},"categories":[7],"tags":[],"class_list":["post-8629","post","type-post","status-publish","format-standard","has-post-thumbnail","hentry","category-opinion"],"_links":{"self":[{"href":"https:\/\/panoramadelsur.com.ar\/index.php?rest_route=\/wp\/v2\/posts\/8629","targetHints":{"allow":["GET"]}}],"collection":[{"href":"https:\/\/panoramadelsur.com.ar\/index.php?rest_route=\/wp\/v2\/posts"}],"about":[{"href":"https:\/\/panoramadelsur.com.ar\/index.php?rest_route=\/wp\/v2\/types\/post"}],"author":[{"embeddable":true,"href":"https:\/\/panoramadelsur.com.ar\/index.php?rest_route=\/wp\/v2\/users\/1"}],"replies":[{"embeddable":true,"href":"https:\/\/panoramadelsur.com.ar\/index.php?rest_route=%2Fwp%2Fv2%2Fcomments&post=8629"}],"version-history":[{"count":1,"href":"https:\/\/panoramadelsur.com.ar\/index.php?rest_route=\/wp\/v2\/posts\/8629\/revisions"}],"predecessor-version":[{"id":8631,"href":"https:\/\/panoramadelsur.com.ar\/index.php?rest_route=\/wp\/v2\/posts\/8629\/revisions\/8631"}],"wp:featuredmedia":[{"embeddable":true,"href":"https:\/\/panoramadelsur.com.ar\/index.php?rest_route=\/wp\/v2\/media\/39574"}],"wp:attachment":[{"href":"https:\/\/panoramadelsur.com.ar\/index.php?rest_route=%2Fwp%2Fv2%2Fmedia&parent=8629"}],"wp:term":[{"taxonomy":"category","embeddable":true,"href":"https:\/\/panoramadelsur.com.ar\/index.php?rest_route=%2Fwp%2Fv2%2Fcategories&post=8629"},{"taxonomy":"post_tag","embeddable":true,"href":"https:\/\/panoramadelsur.com.ar\/index.php?rest_route=%2Fwp%2Fv2%2Ftags&post=8629"}],"curies":[{"name":"wp","href":"https:\/\/api.w.org\/{rel}","templated":true}]}}