{"id":8632,"date":"2021-08-16T01:05:00","date_gmt":"2021-08-16T04:05:00","guid":{"rendered":"http:\/\/panoramadelsur.com.ar\/?p=8632"},"modified":"2021-08-15T23:08:30","modified_gmt":"2021-08-16T02:08:30","slug":"racing-vencio-a-newells-en-el-debut-de-claudio-ubeda-como-dt-interino","status":"publish","type":"post","link":"https:\/\/panoramadelsur.com.ar\/?p=8632","title":{"rendered":"Racing venci\u00f3 a Newell&#8217;s en el debut de Claudio Ubeda como DT interino"},"content":{"rendered":"\n<p>Racing Club se impuso anoche por 2 a 0 a Newell\u00b4s Old Boys en un encuentro que marc\u00f3 el inicio del interinato de Claudio Ubeda en reemplazo de Juan Pizzi, cotejo v\u00e1lido por la sexta fecha de la Liga Profesional de F\u00fatbol.<\/p>\n\n\n\n<p>La apertura del marcador fue de Tom\u00e1s Chancalay con un gol ol\u00edmpico y Fabricio Dom\u00ednguez aument\u00f3 la diferencia, a los 7 y 27 minutos de la segunda etapa, respectivamente.<\/p>\n\n\n\n<p>A ra\u00edz de la victoria \u00abLa Academia\u00bb escal\u00f3 a la cuarta posici\u00f3n con 11 unidades, a tres del l\u00edder Independiente, mientras que \u00abLa Lepra\u00bb se mantiene con 10 puntos y en el octavo lugar.<\/p>\n\n\n\n<p>El primer tiempo fue parejo, con dos equipos que intentaron jugar, pero a los que les falt\u00f3 juego colectivo y jugadas profundas, por lo que ambos arqueros casi que no tuvieron trabajo.<\/p>\n\n\n\n<p>Racing, con la necesidad de un triunfo tras la derrota 1-0 en el cl\u00e1sico ante Independiente en la fecha pasada, no pudo mostrar la solidez necesaria como para hacerse due\u00f1o de la pelota e imponerse como local.<\/p>\n\n\n\n<p>El mediocampo \u00abalbiceleste\u00bb no logr\u00f3 controlar la pelota y falt\u00f3 conexi\u00f3n con los delanteros, a pesar de que Dar\u00edo Cvitanich baj\u00f3 para intentar ayudar en la generaci\u00f3n de juego pero sin \u00e9xito.<\/p>\n\n\n\n<p>El equipo de Fernando Gamboa tuvo una mayor presencia en el campo, neutraliz\u00f3 a su rival, no lo dej\u00f3 jugar y lo presion\u00f3 en las salidas desde su propio arco.<\/p>\n\n\n\n<p>Las pocas aproximaciones a los arcos defendidos por Arias y Aguerre fueron de pelota parada y no debido a jugadas elaboradas a nivel colectivo.<\/p>\n\n\n\n<p>A los siete minutos de la segunda etapa, Tom\u00e1s Chancaly ejecut\u00f3 un c\u00f3rner que fue apenas desviado por el delantero Ignacio Scocco y que termin\u00f3 en gol.<\/p>\n\n\n\n<p>Con el resultado en contra los rosarinos se hicieron due\u00f1os de la pelota, se pararon en campo rival, aunque sin lograr jugadas de peligro a su favor.<\/p>\n\n\n\n<p>En el momento m\u00e1s predominante del equipo rosarino, el mediocampista Anibal Moreno ensay\u00f3 un remate desde afuera del \u00e1rea que oblig\u00f3 al arquero Aguerre a dar un rebote, lo que fue aprovechado por Dom\u00ednguez para aumentar la diferencia.<\/p>\n\n\n\n<p>La ventaja de dos goles le permiti\u00f3 al equipo de Claudio Ubeda, que se mantendr\u00e1 en su cargo hasta el final de la temporada, tener la tranquilidad suficiente para cuidar la victoria, a pesar de los intentos de los rosarinos por revertir el resultado.<\/p>\n\n\n\n<p>En la pr\u00f3xima jornada, Racing visitar\u00e1 a Arsenal de Sarand\u00ed, mientras que Newell\u00b4s Old Boys recibir\u00e1 a Rosario Central en el cl\u00e1sico de la ciudad.<\/p>\n\n\n\n<p>=S\u00edntesis=<\/p>\n\n\n\n<p>Racing: Gabriel Arias; Juan C\u00e1ceres, Leonardo Sigali, Nery Dom\u00ednguez y Eugenio Mena; An\u00edbal Moreno y Leonel Miranda; Benjam\u00edn Garr\u00e9, Dar\u00edo Cvitanich y Tom\u00e1s Chancalay; Javier Correa. DT: Claudio \u00dabeda<\/p>\n\n\n\n<p>Newell&#8217;s Old Boys: Alan Aguerre; Gabriel Compagnucci, Cristian Lema, Facundo Mansilla y Franco Negri; Jer\u00f3nimo Cacciabue, Juan Sforza y Nicol\u00e1s Castro; Justo Giani, Ignacio Scocco y Jonatan Cristaldo. DT: Fernando Gamboa.<\/p>\n\n\n\n<p>Goles: en el segundo tiempo: 7min. Chancalay (R), 27min. Dom\u00ednguez (R)<\/p>\n\n\n\n<p>Cambios: al inicio de la segunda etapa: Mariano Bittolo por Negri (N); en el segundo tiempo: 11min. Maximiliano Comba por Giani (N), 15min. Enzo Copetti por Cvitanich (R), Maximiliano Lovera por Garr\u00e9 (R); 21min. Pablo P\u00e9rez por Sforza (N); 26min. Fabricio Dom\u00ednguez por Chancalay (R); 32min. Guillermo Balzi por Castro (N), Juan Garro por Cristaldo (N), 41min. Juli\u00e1n L\u00f3pez por Correa (R).<\/p>\n\n\n\n<p>Amonestados: Mansilla (N), C\u00e1ceres (R), Moreno (R), Cacciabue (N), Lema (N).<\/p>\n\n\n\n<p>\u00c1rbitro: Fernando Echenique.<\/p>\n\n\n\n<p>Estadio: Juan Domingo Per\u00f3n.<a href=\"javascript:void(0)\"><\/a><\/p>\n","protected":false},"excerpt":{"rendered":"<p>Racing Club<\/p>\n","protected":false},"author":1,"featured_media":39574,"comment_status":"open","ping_status":"open","sticky":false,"template":"","format":"standard","meta":{"footnotes":""},"categories":[6],"tags":[],"class_list":["post-8632","post","type-post","status-publish","format-standard","has-post-thumbnail","hentry","category-deportes"],"_links":{"self":[{"href":"https:\/\/panoramadelsur.com.ar\/index.php?rest_route=\/wp\/v2\/posts\/8632","targetHints":{"allow":["GET"]}}],"collection":[{"href":"https:\/\/panoramadelsur.com.ar\/index.php?rest_route=\/wp\/v2\/posts"}],"about":[{"href":"https:\/\/panoramadelsur.com.ar\/index.php?rest_route=\/wp\/v2\/types\/post"}],"author":[{"embeddable":true,"href":"https:\/\/panoramadelsur.com.ar\/index.php?rest_route=\/wp\/v2\/users\/1"}],"replies":[{"embeddable":true,"href":"https:\/\/panoramadelsur.com.ar\/index.php?rest_route=%2Fwp%2Fv2%2Fcomments&post=8632"}],"version-history":[{"count":1,"href":"https:\/\/panoramadelsur.com.ar\/index.php?rest_route=\/wp\/v2\/posts\/8632\/revisions"}],"predecessor-version":[{"id":8634,"href":"https:\/\/panoramadelsur.com.ar\/index.php?rest_route=\/wp\/v2\/posts\/8632\/revisions\/8634"}],"wp:featuredmedia":[{"embeddable":true,"href":"https:\/\/panoramadelsur.com.ar\/index.php?rest_route=\/wp\/v2\/media\/39574"}],"wp:attachment":[{"href":"https:\/\/panoramadelsur.com.ar\/index.php?rest_route=%2Fwp%2Fv2%2Fmedia&parent=8632"}],"wp:term":[{"taxonomy":"category","embeddable":true,"href":"https:\/\/panoramadelsur.com.ar\/index.php?rest_route=%2Fwp%2Fv2%2Fcategories&post=8632"},{"taxonomy":"post_tag","embeddable":true,"href":"https:\/\/panoramadelsur.com.ar\/index.php?rest_route=%2Fwp%2Fv2%2Ftags&post=8632"}],"curies":[{"name":"wp","href":"https:\/\/api.w.org\/{rel}","templated":true}]}}