{"id":909,"date":"2021-02-21T19:10:49","date_gmt":"2021-02-21T19:10:49","guid":{"rendered":"http:\/\/panoramadelsur.com.ar\/?p=909"},"modified":"2021-02-21T19:10:51","modified_gmt":"2021-02-21T19:10:51","slug":"mussi-dio-un-paso-trascendental-para-la-creacion-de-nuevas-escuelas-en-berazategui","status":"publish","type":"post","link":"https:\/\/panoramadelsur.com.ar\/?p=909","title":{"rendered":"Mussi dio un paso trascendental para la creaci\u00f3n de nuevas escuelas en Berazategui"},"content":{"rendered":"\n<p class=\"wp-block-paragraph\"><strong>El intendente de Berazategui se reuni\u00f3 con funcionarios de la Direcci\u00f3n General de Cultura y Educaci\u00f3n de la provincia de Buenos Aires, a quienes les hizo entrega de las ordenanzas de cesi\u00f3n de terrenos para la creaci\u00f3n de nuevos establecimientos educativos en el distrito.<br><\/strong><br>Sancionadas por el Concejo Deliberante de Berazategui y promulgadas por el propio Intendente, estas ordenanzas municipales corresponden a la cesi\u00f3n de terrenos por parte del Municipio para la construcci\u00f3n de 9 escuelas nuevas en diferentes puntos de la ciudad y orientadas a varios segmentos de la comunidad.<\/p>\n\n\n\n<p class=\"wp-block-paragraph\">\u201cComo promet\u00ed, Berazategui don\u00f3 terrenos al gobierno provincial para la construcci\u00f3n de 9 nuevos establecimientos educativos. Hoy me reun\u00ed con los ingenieros Ariel Lambezat, subsecretario de Infraestructura Escolar de la provincia de Buenos Aires; y Fernando D\u00edaz, asesor de la Subsecretar\u00eda de Infraestructura Escolar bonaerense; y con M\u00f3nica Vitta, inspectora jefe Distrital, y H\u00e9ctor Pe\u00f1alva, presidente del Consejo Escolar local\u201d, expres\u00f3 Mussi hoy a trav\u00e9s de sus redes sociales, y explic\u00f3: \u201cEn el encuentro, les entregu\u00e9 a los funcionarios provinciales las ordenanzas sancionadas por el HCD local, y ya promulgadas, de la cesi\u00f3n de parcelas por parte del Municipio para la construcci\u00f3n de los nuevos edificios\u201d.<\/p>\n\n\n\n<p class=\"wp-block-paragraph\">Los establecimientos que van a construirse son: una Primaria y una Secundaria en el barrio N\u00e9stor Kirchner, de El Pato (Ordenanza N\u00b0 5900); un Jard\u00edn de Infantes y una Escuela Secundaria T\u00e9cnica en el barrio Los Pinos, de Guti\u00e9rrez (Ordenanza N\u00b0 5949); una Primaria en el barrio Villa Rial, de Hudson (Ordenanza N\u00b0 5953); una Primaria en el barrio La Prosperidad, de Ranelagh (Ordenanza N\u00b0 5952); una Escuela de Educaci\u00f3n Especial y una Escuela de Arte en el barrio A.O. Textil, de Hudson (Ordenanza N\u00b0 5948); y una Primaria en el barrio San Marcos, de Hudson (Ordenanza N\u00b0 44417).<\/p>\n","protected":false},"excerpt":{"rendered":"<p>El intendente<\/p>\n","protected":false},"author":1,"featured_media":39574,"comment_status":"open","ping_status":"open","sticky":false,"template":"","format":"standard","meta":{"footnotes":""},"categories":[3],"tags":[],"class_list":["post-909","post","type-post","status-publish","format-standard","has-post-thumbnail","hentry","category-regionales"],"_links":{"self":[{"href":"https:\/\/panoramadelsur.com.ar\/index.php?rest_route=\/wp\/v2\/posts\/909","targetHints":{"allow":["GET"]}}],"collection":[{"href":"https:\/\/panoramadelsur.com.ar\/index.php?rest_route=\/wp\/v2\/posts"}],"about":[{"href":"https:\/\/panoramadelsur.com.ar\/index.php?rest_route=\/wp\/v2\/types\/post"}],"author":[{"embeddable":true,"href":"https:\/\/panoramadelsur.com.ar\/index.php?rest_route=\/wp\/v2\/users\/1"}],"replies":[{"embeddable":true,"href":"https:\/\/panoramadelsur.com.ar\/index.php?rest_route=%2Fwp%2Fv2%2Fcomments&post=909"}],"version-history":[{"count":1,"href":"https:\/\/panoramadelsur.com.ar\/index.php?rest_route=\/wp\/v2\/posts\/909\/revisions"}],"predecessor-version":[{"id":911,"href":"https:\/\/panoramadelsur.com.ar\/index.php?rest_route=\/wp\/v2\/posts\/909\/revisions\/911"}],"wp:featuredmedia":[{"embeddable":true,"href":"https:\/\/panoramadelsur.com.ar\/index.php?rest_route=\/wp\/v2\/media\/39574"}],"wp:attachment":[{"href":"https:\/\/panoramadelsur.com.ar\/index.php?rest_route=%2Fwp%2Fv2%2Fmedia&parent=909"}],"wp:term":[{"taxonomy":"category","embeddable":true,"href":"https:\/\/panoramadelsur.com.ar\/index.php?rest_route=%2Fwp%2Fv2%2Fcategories&post=909"},{"taxonomy":"post_tag","embeddable":true,"href":"https:\/\/panoramadelsur.com.ar\/index.php?rest_route=%2Fwp%2Fv2%2Ftags&post=909"}],"curies":[{"name":"wp","href":"https:\/\/api.w.org\/{rel}","templated":true}]}}