{"id":915,"date":"2021-02-21T20:15:21","date_gmt":"2021-02-21T20:15:21","guid":{"rendered":"http:\/\/panoramadelsur.com.ar\/?p=915"},"modified":"2021-02-21T20:15:23","modified_gmt":"2021-02-21T20:15:23","slug":"camaras-de-seguridad-detectan-saqueo-de-cableado-un-detenido","status":"publish","type":"post","link":"https:\/\/panoramadelsur.com.ar\/?p=915","title":{"rendered":"C\u00e1maras de seguridad detectan saqueo de cableado: un detenido"},"content":{"rendered":"\n<p class=\"wp-block-paragraph\">La subsecretar\u00eda de Seguridad inform\u00f3 que, en las primeras horas de hoy, la Polic\u00eda detuvo a una persona que se encontraba, junto a otra, saqueando cableado en la v\u00eda p\u00fablica.<\/p>\n\n\n\n<p class=\"wp-block-paragraph\"><br>El suceso ocurri\u00f3 en avenida Senzabello e Islas Orcadas del barrio Monte C\u00fadine, y hab\u00eda sido detectado por los agentes municipales del Centro de Protecci\u00f3n Ciudadana, que observaron por la c\u00e1mara de seguridad del sector, c\u00f3mo los involucrados comet\u00edan el delito.<\/p>\n\n\n\n<p class=\"wp-block-paragraph\">Al ver que se acercaban los m\u00f3viles de seguridad, los dos sujetos iniciaron una fuga del lugar. Uno de ellos fue aprehendido a las pocas cuadras, en Mistral, entre Arrecifes y Esposos Curie; y mientras que el otro, todav\u00eda es buscado por la Polic\u00eda.<\/p>\n\n\n\n<p class=\"wp-block-paragraph\">El detenido fue trasladado a la seccional Primera, donde se iniciaron las actuaciones judiciales.<\/p>\n","protected":false},"excerpt":{"rendered":"<p>La subsecretar\u00eda<\/p>\n","protected":false},"author":1,"featured_media":39574,"comment_status":"open","ping_status":"open","sticky":false,"template":"","format":"standard","meta":{"footnotes":""},"categories":[3],"tags":[],"class_list":["post-915","post","type-post","status-publish","format-standard","has-post-thumbnail","hentry","category-regionales"],"_links":{"self":[{"href":"https:\/\/panoramadelsur.com.ar\/index.php?rest_route=\/wp\/v2\/posts\/915","targetHints":{"allow":["GET"]}}],"collection":[{"href":"https:\/\/panoramadelsur.com.ar\/index.php?rest_route=\/wp\/v2\/posts"}],"about":[{"href":"https:\/\/panoramadelsur.com.ar\/index.php?rest_route=\/wp\/v2\/types\/post"}],"author":[{"embeddable":true,"href":"https:\/\/panoramadelsur.com.ar\/index.php?rest_route=\/wp\/v2\/users\/1"}],"replies":[{"embeddable":true,"href":"https:\/\/panoramadelsur.com.ar\/index.php?rest_route=%2Fwp%2Fv2%2Fcomments&post=915"}],"version-history":[{"count":1,"href":"https:\/\/panoramadelsur.com.ar\/index.php?rest_route=\/wp\/v2\/posts\/915\/revisions"}],"predecessor-version":[{"id":917,"href":"https:\/\/panoramadelsur.com.ar\/index.php?rest_route=\/wp\/v2\/posts\/915\/revisions\/917"}],"wp:featuredmedia":[{"embeddable":true,"href":"https:\/\/panoramadelsur.com.ar\/index.php?rest_route=\/wp\/v2\/media\/39574"}],"wp:attachment":[{"href":"https:\/\/panoramadelsur.com.ar\/index.php?rest_route=%2Fwp%2Fv2%2Fmedia&parent=915"}],"wp:term":[{"taxonomy":"category","embeddable":true,"href":"https:\/\/panoramadelsur.com.ar\/index.php?rest_route=%2Fwp%2Fv2%2Fcategories&post=915"},{"taxonomy":"post_tag","embeddable":true,"href":"https:\/\/panoramadelsur.com.ar\/index.php?rest_route=%2Fwp%2Fv2%2Ftags&post=915"}],"curies":[{"name":"wp","href":"https:\/\/api.w.org\/{rel}","templated":true}]}}