{"id":979,"date":"2021-02-28T01:05:00","date_gmt":"2021-02-28T01:05:00","guid":{"rendered":"http:\/\/panoramadelsur.com.ar\/?p=979"},"modified":"2021-02-23T12:34:06","modified_gmt":"2021-02-23T12:34:06","slug":"el-enargas-convoco-a-audiencia-publica-por-tarifas-transitorias-de-transporte-y-distribucion-de-gas","status":"publish","type":"post","link":"https:\/\/panoramadelsur.com.ar\/?p=979","title":{"rendered":"El Enargas convoc\u00f3 a audiencia p\u00fablica por tarifas transitorias de transporte y distribuci\u00f3n de gas"},"content":{"rendered":"\n<p>El Ente Nacional Regulador del Gas (Enargas) convoc\u00f3 para el 16 de marzo a una audiencia p\u00fablica para la adecuaci\u00f3n transitoria de las tarifas de los servicios p\u00fablicos de transporte y distribuci\u00f3n de gas natural por redes, lo que complementar\u00e1 la convocatoria realizada por la Secretar\u00eda de Energ\u00eda para determinar el precio del fluido.<\/p>\n\n\n\n<p>As\u00ed lo dispuso el Enargas mediante la Resoluci\u00f3n 47, en la que convoca a la realizaci\u00f3n de la audiencia p\u00fablica 101 con el objeto de poner a consideraci\u00f3n el R\u00e9gimen Tarifario de Transici\u00f3n por el Decreto 1020 -el que determin\u00f3 el inicio de la renegociaci\u00f3n de la RTI vigente- y llevar adelante la discusi\u00f3n necesaria.<\/p>\n\n\n\n<p>Hace una semana, la Secretar\u00eda de Energ\u00eda convoc\u00f3 para el 15 de marzo a la realizaci\u00f3n de una audiencia p\u00fablica para analizar en un \u00abproceso participativo\u00bb el costo del gas natural por redes, y la proporci\u00f3n de la que se har\u00e1 cargo el Estado v\u00eda subsidios, en el marco del Plan Gas.Ar vigente.<\/p>\n\n\n\n<p>La audiencia p\u00fablica convocada por el Enargas, en tanto, se celebrar\u00e1 el 16 de marzo de manera virtual, con cabecera en la Ciudad Aut\u00f3noma de Buenos Aires, a partir de las 9.<\/p>\n\n\n\n<p>Debido a que la participaci\u00f3n de los expositores ser\u00e1 de manera remota, esto implica que \u00fanicamente quien desee ser orador deber\u00e1 inscribirse en la misma conforme la normativa respectiva bajo la modalidad establecida para el acto.<\/p>\n\n\n\n<p>La audiencia p\u00fablica, adem\u00e1s, ser\u00e1 transmitida v\u00eda streaming.<\/p>\n\n\n\n<p>La inscripci\u00f3n para participar comenzar\u00e1 el 1 de marzo y los interesados y las interesadas en exponer su opini\u00f3n deber\u00e1n ingresar a la p\u00e1gina oficial del organismo, www.enargas.gov.ar, para inscribirse en el registro habilitado a tal efecto.<\/p>\n\n\n\n<p>Asimismo, este Registro estar\u00e1 habilitado hasta las 23.59 del 11 de marzo del 2021.<\/p>\n\n\n\n<p>Las licenciatarias de los servicios p\u00fablicos de transporte y distribuci\u00f3n de gas natural deber\u00e1n presentar al Enargas los cuadros tarifarios de transici\u00f3n por ellas propuestos, as\u00ed como la informaci\u00f3n de sustento de los mismos.<\/p>\n\n\n\n<p>Adem\u00e1s, el Enargas design\u00f3 tres agentes del organismo que actuar\u00e1n como \u00abDefensores Oficiales de los Usuarios y las Usuarias de Gas\u00bb, cuya funci\u00f3n ser\u00e1 la de exponer como oradores manifestando todas las observaciones desde el punto de vista de la tutela de aquellos durante la Audiencia.<\/p>\n\n\n\n<p>Al realizar el anuncio, el interventor del Enargas, Federico Bernal, se\u00f1al\u00f3 que \u00abla convocatoria a audiencia p\u00fablica para el 16 de marzo pr\u00f3ximo es el primer gran paso del proceso de renegociaci\u00f3n tarifaria; es el primer gran paso hacia la concreci\u00f3n de tarifas justas, razonables y que se puedan pagar, como pidi\u00f3 el Presidente\u00bb Alberto Fern\u00e1ndez.<\/p>\n\n\n\n<p>El objetivo ser\u00e1 determinar \u00abtarifas que promuevan el desarrollo social, econ\u00f3mico y productivo del mercado interno, en lugar de fundirlo como sucedi\u00f3 con (el ex presidente Mauricio) Macri\u00bb, agreg\u00f3 el interventor al se\u00f1alar que la actual gesti\u00f3n recibi\u00f3 \u00abun sistema tarifario insostenible\u00bb.<\/p>\n\n\n\n<p>Ese cuadro tarifario cuestionado \u00absumi\u00f3 en la pobreza y en la indigencia energ\u00e9tica a casi 3 millones de nuevos hogares, esto es, un salto del 220%\u00bb, precis\u00f3, en tanto la deuda total del sector residencial (morosos) creci\u00f3 1.257% entre 2015 y 2019; la deuda del sector PyME 4.010% y la de las entidades de bien p\u00fablico un 6.700%.<\/p>\n","protected":false},"excerpt":{"rendered":"<p>El Ente<\/p>\n","protected":false},"author":1,"featured_media":39574,"comment_status":"open","ping_status":"open","sticky":false,"template":"","format":"standard","meta":{"footnotes":""},"categories":[4],"tags":[],"class_list":["post-979","post","type-post","status-publish","format-standard","has-post-thumbnail","hentry","category-nacionales"],"_links":{"self":[{"href":"https:\/\/panoramadelsur.com.ar\/index.php?rest_route=\/wp\/v2\/posts\/979","targetHints":{"allow":["GET"]}}],"collection":[{"href":"https:\/\/panoramadelsur.com.ar\/index.php?rest_route=\/wp\/v2\/posts"}],"about":[{"href":"https:\/\/panoramadelsur.com.ar\/index.php?rest_route=\/wp\/v2\/types\/post"}],"author":[{"embeddable":true,"href":"https:\/\/panoramadelsur.com.ar\/index.php?rest_route=\/wp\/v2\/users\/1"}],"replies":[{"embeddable":true,"href":"https:\/\/panoramadelsur.com.ar\/index.php?rest_route=%2Fwp%2Fv2%2Fcomments&post=979"}],"version-history":[{"count":1,"href":"https:\/\/panoramadelsur.com.ar\/index.php?rest_route=\/wp\/v2\/posts\/979\/revisions"}],"predecessor-version":[{"id":981,"href":"https:\/\/panoramadelsur.com.ar\/index.php?rest_route=\/wp\/v2\/posts\/979\/revisions\/981"}],"wp:featuredmedia":[{"embeddable":true,"href":"https:\/\/panoramadelsur.com.ar\/index.php?rest_route=\/wp\/v2\/media\/39574"}],"wp:attachment":[{"href":"https:\/\/panoramadelsur.com.ar\/index.php?rest_route=%2Fwp%2Fv2%2Fmedia&parent=979"}],"wp:term":[{"taxonomy":"category","embeddable":true,"href":"https:\/\/panoramadelsur.com.ar\/index.php?rest_route=%2Fwp%2Fv2%2Fcategories&post=979"},{"taxonomy":"post_tag","embeddable":true,"href":"https:\/\/panoramadelsur.com.ar\/index.php?rest_route=%2Fwp%2Fv2%2Ftags&post=979"}],"curies":[{"name":"wp","href":"https:\/\/api.w.org\/{rel}","templated":true}]}}